{"id":66912,"date":"2024-02-02T11:15:37","date_gmt":"2024-02-02T16:15:37","guid":{"rendered":"https:\/\/www.partnershipagainstcancer.ca\/?post_type=news-events&#038;p=66912"},"modified":"2024-02-02T11:15:37","modified_gmt":"2024-02-02T16:15:37","slug":"world-cancer-day-2024","status":"publish","type":"news-events","link":"https:\/\/www.partnershipagainstcancer.ca\/fr\/news-events\/news\/article\/world-cancer-day-2024\/","title":{"rendered":"Journ\u00e9e mondiale contre le cancer 2024 : message du PDG, D<sup>r<\/sup> Craig Earle"},"content":{"rendered":"<p>Le 4 f\u00e9vrier est la Journ\u00e9e mondiale contre le cancer. Cette ann\u00e9e, elle se tiendra sous le th\u00e8me \u00ab <a href=\"https:\/\/www.worldcancerday.org\/fr\/pour-des-soins-plus-justes\" target=\"_blank\" rel=\"noopener\">Pour des soins plus justes<\/a> \u00bb.<\/p>\n<p>Le Partenariat canadien contre le cancer (le Partenariat) souligne cet appel \u00e0 l\u2019action mondial visant \u00e0 am\u00e9liorer les r\u00e9sultats li\u00e9s au cancer en r\u00e9fl\u00e9chissant \u00e0 l\u2019importance de l\u2019\u00e9quit\u00e9 en sant\u00e9. L\u2019acc\u00e8s au d\u00e9pistage, au traitement et \u00e0 la pr\u00e9vention du cancer varie en fonction du lieu de r\u00e9sidence, du niveau de revenu et d\u2019autres facteurs. Nous sommes r\u00e9solus \u00e0 changer les choses.<\/p>\n<p>Le Partenariat s\u2019engage \u00e0 promouvoir l\u2019\u00e9quit\u00e9 en sant\u00e9 au fil de la mise en \u0153uvre des priorit\u00e9s de la <em>Strat\u00e9gie canadienne de lutte contre le cancer<\/em>. Cet ambitieux plan d\u2019action d\u00e9cennal dont le Partenariat est le coordonnateur vise \u00e0 assurer un acc\u00e8s \u00e9quitable \u00e0 des soins de qualit\u00e9 contre le cancer au Canada et \u00e0 garantir un syst\u00e8me durable pour l\u2019avenir.<\/p>\n<p>De concert avec ses partenaires, le Partenariat contribue \u00e0 r\u00e9aliser la vision de la Strat\u00e9gie au Canada : un avenir o\u00f9 moins de personnes sont atteintes d\u2019un cancer et plus de personnes y survivent, o\u00f9 celles touch\u00e9es par la maladie jouissent d\u2019une meilleure qualit\u00e9 de vie et o\u00f9 l\u2019ensemble de la population canadienne b\u00e9n\u00e9ficie d\u2019un acc\u00e8s \u00e9quitable \u00e0 des soins de qualit\u00e9 contre le cancer.<br \/>\n<iframe loading=\"lazy\" title=\"YouTube video player\" src=\"https:\/\/www.youtube.com\/embed\/3AbXtl9m8wo\" width=\"700\" height=\"400\" frameborder=\"0\" allowfullscreen=\"allowfullscreen\"><\/iframe><\/p>\n<h2>L\u2019action du Canada pour des soins plus justes contre le cancer<\/h2>\n<p>Au cours de la derni\u00e8re ann\u00e9e, le Partenariat a dirig\u00e9 et appuy\u00e9 d\u2019importantes initiatives ax\u00e9es sur l\u2019\u00e9quit\u00e9, dont les suivantes\u00a0:<\/p>\n<ul>\n<li>Mise en \u0153uvre de nouveaux <a href=\"https:\/\/www.partnershipagainstcancer.ca\/fr\/topics\/models-of-care\/models-of-care-summary\/\"><strong>mod\u00e8les de soins<\/strong><\/a>. Ces mod\u00e8les de soins novateurs r\u00e9pondent \u00e0 des d\u00e9fis communs dans l\u2019ensemble du syst\u00e8me de sant\u00e9 au Canada, dont l\u2019am\u00e9lioration de la coordination entre les sp\u00e9cialistes du cancer et les \u00e9quipes de soins primaires, et la gestion des p\u00e9nuries de ressources humaines dans le secteur de la sant\u00e9.<\/li>\n<li>Accompagnement des dix premi\u00e8res communaut\u00e9s qui ont adh\u00e9r\u00e9 au programme <a href=\"https:\/\/www.healthcareexcellence.ca\/fr\/notre-action\/tous-les-programmes\/ameliorer-l-equite-dans-l-acces-aux-soins-palliatifs\/\" target=\"_blank\" rel=\"noopener\"><strong><em>Am\u00e9liorer l\u2019\u00e9quit\u00e9 dans l\u2019acc\u00e8s aux soins palliatifs<\/em><\/strong><\/a>. Mis en \u0153uvre en 2022\u00a0en partenariat avec Excellence en sant\u00e9 Canada, ce programme vise \u00e0 am\u00e9liorer l\u2019acc\u00e8s aux soins palliatifs avec et pour les personnes en situation d\u2019itin\u00e9rance ou de logement pr\u00e9caire au Canada.<\/li>\n<li>Le premier <a href=\"https:\/\/www.linkedin.com\/posts\/canadian-partnership-against-cancer_in-october-the-inaugural-cancer-system-equity-activity-7125886413237022720-ZY9k\/\" target=\"_blank\" rel=\"noopener\"><strong>Forum sur la mesure de l\u2019\u00e9quit\u00e9 dans la lutte contre le cancer<\/strong><\/a> \u00e0 Toronto. Organis\u00e9 par le Partenariat, cet \u00e9v\u00e9nement a r\u00e9uni des partenaires de tout le Canada afin d\u2019\u00e9tablir un r\u00e9seau ayant pour mission de cr\u00e9er collectivement une vision commune et de d\u00e9terminer les domaines d\u2019intervention et les possibilit\u00e9s de faire progresser la mesure de l\u2019\u00e9quit\u00e9 en sant\u00e9 et la production de rapports connexes dans l\u2019ensemble du continuum de la lutte contre le cancer au Canada.<\/li>\n<li><a href=\"https:\/\/www.partnershipagainstcancer.ca\/fr\/news-events\/news\/article\/national-summit-elimination-cervical-cancer\/\"><strong>Sommet pancanadien sur l\u2019\u00e9limination du cancer du col de l\u2019ut\u00e9rus<\/strong><\/a><u>.<\/u> \u00c0 l\u2019occasion du Sommet pancanadien sur l\u2019\u00e9limination du cancer du col de l\u2019ut\u00e9rus qui s\u2019est tenu \u00e0 Halifax, le Partenariat a r\u00e9uni des d\u00e9cideurs, des professionnels de la sant\u00e9, des patients, des partenaires communautaires et \u0153uvrant pour l\u2019\u00e9quit\u00e9, ainsi que d\u2019autres agents de changement du syst\u00e8me de sant\u00e9 de tout le Canada. Ensemble, ils ont d\u00e9fini les prochaines<a href=\"https:\/\/www.partnershipagainstcancer.ca\/fr\/topics\/elimination-cervical-cancer-action-plan\/\"> mesures \u00e0 prendre pour \u00e9liminer le cancer du col de l\u2019ut\u00e9rus au Canada.<\/a><\/li>\n<li>Initiatives financ\u00e9es par le Partenariat sur les <a href=\"https:\/\/www.partnershipagainstcancer.ca\/fr\/news-events\/news\/article\/first-nations-inuit-metis-cancer-care-progress\/\"><strong>priorit\u00e9s propres aux peuples autochtones et d\u00e9termin\u00e9es par ces derniers<\/strong><\/a><u>.<\/u> En mars dernier, le Partenariat a accueilli des repr\u00e9sentants et repr\u00e9sentantes des organisations partenaires des Premi\u00e8res Nations, des Inuits et des M\u00e9tis \u00e0 Toronto, afin de souligner les progr\u00e8s r\u00e9alis\u00e9s et les r\u00e9sultats obtenus dans le cadre d\u2019initiatives mises en place pendant six ans, mobilisant plus de 130\u00a0gouvernements, organisations et partenaires autochtones, et profitant \u00e0 plus de 500\u00a0communaut\u00e9s.<\/li>\n<\/ul>\n<p>Mais il reste du travail \u00e0 faire.<\/p>\n<h2><strong>Le cancer est la premi\u00e8re cause de mortalit\u00e9 au Canada.<\/strong><\/h2>\n<p>On estime qu\u2019environ <a href=\"https:\/\/cdn.cancer.ca\/-\/media\/files\/cancer-information\/resources\/publications\/canadian-cancer-statistics-2023\/2023pdffr.pdf?rev=43c8cc8f34b547d4ad227000bd8df9dc&amp;hash=68C12E2EE9AA7308C14C3065BDFED5B0&amp;_gl=1*1hwc7z7*_gcl_au*MTUzMzk3MzczMC4xNjk3MjAzMzU0#CCS-Stats2023-4.indd%3A.136141%3A7093\" target=\"_blank\" rel=\"noopener\">deux personnes sur cinq au Canada d\u00e9velopperont un cancer au cours de leur vie et qu\u2019environ une personne sur quatre en mourra<\/a>. Une personne sur six vivant dans une collectivit\u00e9 rurale ou \u00e9loign\u00e9e <a href=\"https:\/\/www.partnershipagainstcancer.ca\/fr\/topics\/cancer-in-covid-19-era\/populations-experiencing-inequities\/impacts-cancer-diagnosis-care\/\">signale des retards entre le diagnostic du cancer et le d\u00e9but du traitement<\/a>.<\/p>\n<p>Nous sommes r\u00e9solus \u00e0 travailler en \u00e9troite collaboration avec des partenaires de tout le Canada pour contribuer \u00e0 changer les choses. Guid\u00e9s par la Strat\u00e9gie, nous appuyons l\u2019effort collectif que d\u00e9ploient nos partenaires pour offrir des soins plus justes et am\u00e9liorer les r\u00e9sultats li\u00e9s au cancer, ainsi que l\u2019acc\u00e8s \u00e0 des soins de qualit\u00e9 pour toute la population.<\/p>\n<h2><strong><img loading=\"lazy\" decoding=\"async\" class=\"alignright wp-image-66908\" src=\"https:\/\/www.partnershipagainstcancer.ca\/wp-content\/uploads\/2024\/02\/four-landmarks.png\" alt=\"Halifax, Calgary, Vancouver, Toronto\" width=\"340\" height=\"850\" srcset=\"https:\/\/www.partnershipagainstcancer.ca\/wp-content\/uploads\/2024\/02\/four-landmarks.png 1000w, https:\/\/www.partnershipagainstcancer.ca\/wp-content\/uploads\/2024\/02\/four-landmarks-120x300.png 120w, https:\/\/www.partnershipagainstcancer.ca\/wp-content\/uploads\/2024\/02\/four-landmarks-410x1024.png 410w, https:\/\/www.partnershipagainstcancer.ca\/wp-content\/uploads\/2024\/02\/four-landmarks-768x1920.png 768w, https:\/\/www.partnershipagainstcancer.ca\/wp-content\/uploads\/2024\/02\/four-landmarks-614x1536.png 614w, https:\/\/www.partnershipagainstcancer.ca\/wp-content\/uploads\/2024\/02\/four-landmarks-819x2048.png 819w\" sizes=\"auto, (max-width: 340px) 100vw, 340px\" \/>\u00c0 propos de la Journ\u00e9e mondiale contre le cancer en 2024<\/strong><\/h2>\n<p>La Journ\u00e9e mondiale contre le cancer a lieu le 4\u00a0f\u00e9vrier de chaque ann\u00e9e. Il s\u2019agit d\u2019une journ\u00e9e de sensibilisation internationale essentielle qui unit le monde dans la lutte contre le cancer. Cr\u00e9\u00e9e en 2000\u00a0et coordonn\u00e9e par l\u2019Union internationale contre le cancer, la Journ\u00e9e mondiale contre le cancer se tiendra en 2024\u00a0sous le th\u00e8me \u00ab\u00a0Pour des soins plus justes\u00a0\u00bb et sera ax\u00e9e sur les engagements \u00e0 faire du cancer une cause prioritaire, \u00e0 cr\u00e9er des strat\u00e9gies innovatrices de lutte contre les iniquit\u00e9s, ainsi qu\u2019\u00e0 investir nos ressources pour parvenir \u00e0 un monde juste et sans cancer.<\/p>\n","protected":false},"excerpt":{"rendered":"<p>Le 4 f\u00e9vrier est la Journ\u00e9e mondiale contre le cancer. Cette ann\u00e9e, elle se tiendra sous le th\u00e8me \u00ab Pour des soins plus justes \u00bb. Le Partenariat canadien contre le cancer (le Partenariat) souligne cet appel \u00e0 l\u2019action mondial visant \u00e0 am\u00e9liorer les r\u00e9sultats li\u00e9s au cancer en r\u00e9fl\u00e9chissant \u00e0 l\u2019importance de l\u2019\u00e9quit\u00e9 en sant\u00e9. [&hellip;]<\/p>\n","protected":false},"author":24,"featured_media":66939,"menu_order":0,"template":"","news_events_categories":[1029],"class_list":["post-66912","news-events","type-news-events","status-publish","has-post-thumbnail","hentry","news_events_categories-nouvelles"],"acf":[],"yoast_head":"<!-- This site is optimized with the Yoast SEO plugin v27.3 - https:\/\/yoast.com\/product\/yoast-seo-wordpress\/ -->\n<title>Canadian Partnership Against Cancer<\/title>\n<meta name=\"description\" content=\"February 4, 2024 is World Cancer Day, and this year\u2019s theme is Closing the Care Gap.\" \/>\n<meta name=\"robots\" content=\"index, follow, max-snippet:-1, max-image-preview:large, max-video-preview:-1\" \/>\n<link rel=\"canonical\" href=\"https:\/\/www.partnershipagainstcancer.ca\/fr\/news-events\/news\/article\/world-cancer-day-2024\/\" \/>\n<meta property=\"og:locale\" content=\"fr_FR\" \/>\n<meta property=\"og:type\" content=\"article\" \/>\n<meta property=\"og:title\" content=\"Journ\u00e9e mondiale contre le cancer 2024 : message du PDG, Dr Craig Earle - Canadian Partnership Against Cancer\" \/>\n<meta property=\"og:description\" content=\"February 4, 2024 is World Cancer Day, and this year\u2019s theme is Closing the Care Gap.\" \/>\n<meta property=\"og:url\" content=\"https:\/\/www.partnershipagainstcancer.ca\/fr\/news-events\/news\/article\/world-cancer-day-2024\/\" \/>\n<meta property=\"og:site_name\" content=\"Canadian Partnership Against Cancer\" \/>\n<meta property=\"article:publisher\" content=\"https:\/\/www.facebook.com\/CanadianPartnershipAgainstCancer\/\" \/>\n<meta property=\"og:image\" content=\"https:\/\/www.partnershipagainstcancer.ca\/wp-content\/uploads\/2024\/02\/close-the-care-gap-2024-FR.jpg\" \/>\n\t<meta property=\"og:image:width\" content=\"1334\" \/>\n\t<meta property=\"og:image:height\" content=\"852\" \/>\n\t<meta property=\"og:image:type\" content=\"image\/jpeg\" \/>\n<meta name=\"twitter:card\" content=\"summary_large_image\" \/>\n<meta name=\"twitter:site\" content=\"@cancerstratca\" \/>\n<meta name=\"twitter:label1\" content=\"Dur\u00e9e de lecture estim\u00e9e\" \/>\n\t<meta name=\"twitter:data1\" content=\"4 minutes\" \/>\n<script type=\"application\/ld+json\" class=\"yoast-schema-graph\">{\"@context\":\"https:\\\/\\\/schema.org\",\"@graph\":[{\"@type\":\"WebPage\",\"@id\":\"https:\\\/\\\/www.partnershipagainstcancer.ca\\\/fr\\\/news-events\\\/news\\\/article\\\/world-cancer-day-2024\\\/\",\"url\":\"https:\\\/\\\/www.partnershipagainstcancer.ca\\\/fr\\\/news-events\\\/news\\\/article\\\/world-cancer-day-2024\\\/\",\"name\":\"Journ\u00e9e mondiale contre le cancer 2024 : message du PDG, Dr Craig Earle - Canadian Partnership Against Cancer\",\"isPartOf\":{\"@id\":\"https:\\\/\\\/dev.partnershipagainstcancer.ca\\\/#website\"},\"primaryImageOfPage\":{\"@id\":\"https:\\\/\\\/www.partnershipagainstcancer.ca\\\/fr\\\/news-events\\\/news\\\/article\\\/world-cancer-day-2024\\\/#primaryimage\"},\"image\":{\"@id\":\"https:\\\/\\\/www.partnershipagainstcancer.ca\\\/fr\\\/news-events\\\/news\\\/article\\\/world-cancer-day-2024\\\/#primaryimage\"},\"thumbnailUrl\":\"https:\\\/\\\/www.partnershipagainstcancer.ca\\\/wp-content\\\/uploads\\\/2024\\\/02\\\/close-the-care-gap-2024-FR.jpg\",\"datePublished\":\"2024-02-02T16:15:37+00:00\",\"description\":\"February 4, 2024 is World Cancer Day, and this year\u2019s theme is Closing the Care Gap.\",\"breadcrumb\":{\"@id\":\"https:\\\/\\\/www.partnershipagainstcancer.ca\\\/fr\\\/news-events\\\/news\\\/article\\\/world-cancer-day-2024\\\/#breadcrumb\"},\"inLanguage\":\"fr-FR\",\"potentialAction\":[{\"@type\":\"ReadAction\",\"target\":[\"https:\\\/\\\/www.partnershipagainstcancer.ca\\\/fr\\\/news-events\\\/news\\\/article\\\/world-cancer-day-2024\\\/\"]}]},{\"@type\":\"ImageObject\",\"inLanguage\":\"fr-FR\",\"@id\":\"https:\\\/\\\/www.partnershipagainstcancer.ca\\\/fr\\\/news-events\\\/news\\\/article\\\/world-cancer-day-2024\\\/#primaryimage\",\"url\":\"https:\\\/\\\/www.partnershipagainstcancer.ca\\\/wp-content\\\/uploads\\\/2024\\\/02\\\/close-the-care-gap-2024-FR.jpg\",\"contentUrl\":\"https:\\\/\\\/www.partnershipagainstcancer.ca\\\/wp-content\\\/uploads\\\/2024\\\/02\\\/close-the-care-gap-2024-FR.jpg\",\"width\":1334,\"height\":852,\"caption\":\"pour des soins plus justes\"},{\"@type\":\"BreadcrumbList\",\"@id\":\"https:\\\/\\\/www.partnershipagainstcancer.ca\\\/fr\\\/news-events\\\/news\\\/article\\\/world-cancer-day-2024\\\/#breadcrumb\",\"itemListElement\":[{\"@type\":\"ListItem\",\"position\":1,\"name\":\"News\",\"item\":\"https:\\\/\\\/www.partnershipagainstcancer.ca\\\/news-events\\\/news\\\/article\\\/\"},{\"@type\":\"ListItem\",\"position\":2,\"name\":\"Journ\u00e9e mondiale contre le cancer 2024 : message du PDG, Dr Craig Earle\"}]},{\"@type\":\"WebSite\",\"@id\":\"https:\\\/\\\/dev.partnershipagainstcancer.ca\\\/#website\",\"url\":\"https:\\\/\\\/dev.partnershipagainstcancer.ca\\\/\",\"name\":\"Canadian Partnership Against Cancer\",\"description\":\"\",\"potentialAction\":[{\"@type\":\"SearchAction\",\"target\":{\"@type\":\"EntryPoint\",\"urlTemplate\":\"https:\\\/\\\/dev.partnershipagainstcancer.ca\\\/?s={search_term_string}\"},\"query-input\":{\"@type\":\"PropertyValueSpecification\",\"valueRequired\":true,\"valueName\":\"search_term_string\"}}],\"inLanguage\":\"fr-FR\"}]}<\/script>\n<!-- \/ Yoast SEO plugin. -->","yoast_head_json":{"title":"Canadian Partnership Against Cancer","description":"February 4, 2024 is World Cancer Day, and this year\u2019s theme is Closing the Care Gap.","robots":{"index":"index","follow":"follow","max-snippet":"max-snippet:-1","max-image-preview":"max-image-preview:large","max-video-preview":"max-video-preview:-1"},"canonical":"https:\/\/www.partnershipagainstcancer.ca\/fr\/news-events\/news\/article\/world-cancer-day-2024\/","og_locale":"fr_FR","og_type":"article","og_title":"Journ\u00e9e mondiale contre le cancer 2024 : message du PDG, Dr Craig Earle - Canadian Partnership Against Cancer","og_description":"February 4, 2024 is World Cancer Day, and this year\u2019s theme is Closing the Care Gap.","og_url":"https:\/\/www.partnershipagainstcancer.ca\/fr\/news-events\/news\/article\/world-cancer-day-2024\/","og_site_name":"Canadian Partnership Against Cancer","article_publisher":"https:\/\/www.facebook.com\/CanadianPartnershipAgainstCancer\/","og_image":[{"width":1334,"height":852,"url":"https:\/\/www.partnershipagainstcancer.ca\/wp-content\/uploads\/2024\/02\/close-the-care-gap-2024-FR.jpg","type":"image\/jpeg"}],"twitter_card":"summary_large_image","twitter_site":"@cancerstratca","twitter_misc":{"Dur\u00e9e de lecture estim\u00e9e":"4 minutes"},"schema":{"@context":"https:\/\/schema.org","@graph":[{"@type":"WebPage","@id":"https:\/\/www.partnershipagainstcancer.ca\/fr\/news-events\/news\/article\/world-cancer-day-2024\/","url":"https:\/\/www.partnershipagainstcancer.ca\/fr\/news-events\/news\/article\/world-cancer-day-2024\/","name":"Journ\u00e9e mondiale contre le cancer 2024 : message du PDG, Dr Craig Earle - Canadian Partnership Against Cancer","isPartOf":{"@id":"https:\/\/dev.partnershipagainstcancer.ca\/#website"},"primaryImageOfPage":{"@id":"https:\/\/www.partnershipagainstcancer.ca\/fr\/news-events\/news\/article\/world-cancer-day-2024\/#primaryimage"},"image":{"@id":"https:\/\/www.partnershipagainstcancer.ca\/fr\/news-events\/news\/article\/world-cancer-day-2024\/#primaryimage"},"thumbnailUrl":"https:\/\/www.partnershipagainstcancer.ca\/wp-content\/uploads\/2024\/02\/close-the-care-gap-2024-FR.jpg","datePublished":"2024-02-02T16:15:37+00:00","description":"February 4, 2024 is World Cancer Day, and this year\u2019s theme is Closing the Care Gap.","breadcrumb":{"@id":"https:\/\/www.partnershipagainstcancer.ca\/fr\/news-events\/news\/article\/world-cancer-day-2024\/#breadcrumb"},"inLanguage":"fr-FR","potentialAction":[{"@type":"ReadAction","target":["https:\/\/www.partnershipagainstcancer.ca\/fr\/news-events\/news\/article\/world-cancer-day-2024\/"]}]},{"@type":"ImageObject","inLanguage":"fr-FR","@id":"https:\/\/www.partnershipagainstcancer.ca\/fr\/news-events\/news\/article\/world-cancer-day-2024\/#primaryimage","url":"https:\/\/www.partnershipagainstcancer.ca\/wp-content\/uploads\/2024\/02\/close-the-care-gap-2024-FR.jpg","contentUrl":"https:\/\/www.partnershipagainstcancer.ca\/wp-content\/uploads\/2024\/02\/close-the-care-gap-2024-FR.jpg","width":1334,"height":852,"caption":"pour des soins plus justes"},{"@type":"BreadcrumbList","@id":"https:\/\/www.partnershipagainstcancer.ca\/fr\/news-events\/news\/article\/world-cancer-day-2024\/#breadcrumb","itemListElement":[{"@type":"ListItem","position":1,"name":"News","item":"https:\/\/www.partnershipagainstcancer.ca\/news-events\/news\/article\/"},{"@type":"ListItem","position":2,"name":"Journ\u00e9e mondiale contre le cancer 2024 : message du PDG, Dr Craig Earle"}]},{"@type":"WebSite","@id":"https:\/\/dev.partnershipagainstcancer.ca\/#website","url":"https:\/\/dev.partnershipagainstcancer.ca\/","name":"Canadian Partnership Against Cancer","description":"","potentialAction":[{"@type":"SearchAction","target":{"@type":"EntryPoint","urlTemplate":"https:\/\/dev.partnershipagainstcancer.ca\/?s={search_term_string}"},"query-input":{"@type":"PropertyValueSpecification","valueRequired":true,"valueName":"search_term_string"}}],"inLanguage":"fr-FR"}]}},"_links":{"self":[{"href":"https:\/\/www.partnershipagainstcancer.ca\/fr\/wp-json\/wp\/v2\/news-events\/66912","targetHints":{"allow":["GET"]}}],"collection":[{"href":"https:\/\/www.partnershipagainstcancer.ca\/fr\/wp-json\/wp\/v2\/news-events"}],"about":[{"href":"https:\/\/www.partnershipagainstcancer.ca\/fr\/wp-json\/wp\/v2\/types\/news-events"}],"author":[{"embeddable":true,"href":"https:\/\/www.partnershipagainstcancer.ca\/fr\/wp-json\/wp\/v2\/users\/24"}],"wp:featuredmedia":[{"embeddable":true,"href":"https:\/\/www.partnershipagainstcancer.ca\/fr\/wp-json\/wp\/v2\/media\/66939"}],"wp:attachment":[{"href":"https:\/\/www.partnershipagainstcancer.ca\/fr\/wp-json\/wp\/v2\/media?parent=66912"}],"wp:term":[{"taxonomy":"news_events_categories","embeddable":true,"href":"https:\/\/www.partnershipagainstcancer.ca\/fr\/wp-json\/wp\/v2\/news_events_categories?post=66912"}],"curies":[{"name":"wp","href":"https:\/\/api.w.org\/{rel}","templated":true}]}}