{"id":59400,"date":"2023-02-03T12:26:15","date_gmt":"2023-02-03T17:26:15","guid":{"rendered":"https:\/\/www.partnershipagainstcancer.ca\/news-events\/news\/article\/canadian-partnership-against-cancer-marks-world-cancer-day-2023\/"},"modified":"2023-02-03T12:35:00","modified_gmt":"2023-02-03T17:35:00","slug":"canadian-partnership-against-cancer-marks-world-cancer-day-2023","status":"publish","type":"news-events","link":"https:\/\/www.partnershipagainstcancer.ca\/fr\/news-events\/news\/article\/canadian-partnership-against-cancer-marks-world-cancer-day-2023\/","title":{"rendered":"Le Partenariat canadien contre le cancer c\u00e9l\u00e8bre la Journ\u00e9e mondiale contre le cancer 2023"},"content":{"rendered":"<p>Le 4\u00a0f\u00e9vrier est la Journ\u00e9e mondiale contre le cancer, une journ\u00e9e de sensibilisation internationale essentielle coordonn\u00e9e par l\u2019Union internationale contre le cancer (UICC). Il s\u2019agit de la deuxi\u00e8me ann\u00e9e de la campagne <a href=\"https:\/\/www.worldcancerday.org\/fr\/theme-de-la-campagne-pour-des-soins-plus-justes\" target=\"_blank\" rel=\"noopener\">Pour des soins plus justes<\/a> de l\u2019UICC, visant \u00e0 souligner la n\u00e9cessit\u00e9 d\u2019assurer un acc\u00e8s \u00e9quitable \u00e0 des traitements pouvant sauver la vie des patients et \u00e0 des soins de qualit\u00e9 \u00e9lev\u00e9e contre le cancer dans le monde entier.<\/p>\n<p>On estime qu\u2019environ 85\u00a0100\u00a0personnes sont mortes d\u2019un cancer au Canada en 2022 (Soci\u00e9t\u00e9 canadienne du cancer), ce qui fait de cette maladie la principale cause de d\u00e9c\u00e8s au pays.<\/p>\n<p>Afin de c\u00e9l\u00e9brer et de soutenir cette importante journ\u00e9e, le D<sup>r<\/sup>\u00a0Craig\u00a0Earle, PDG du Partenariat, a sign\u00e9 un article publi\u00e9 dans le <em>Globe and Mail<\/em>. Cet article illustre pourquoi les soins contre le cancer et l\u2019\u00e9quit\u00e9 en sant\u00e9 doivent demeurer une priorit\u00e9, surtout dans le contexte de syst\u00e8mes de soins de sant\u00e9 et de lutte contre le cancer gravement touch\u00e9s par la pand\u00e9mie de COVID-19. Il d\u00e9crit \u00e9galement comment le Partenariat a aid\u00e9 ses partenaires de l\u2019ensemble du Canada \u00e0 offrir des soins novateurs contre le cancer tout au long de la pand\u00e9mie, et indique les secteurs cl\u00e9s des soins en oncologie qui gagneraient \u00e0 \u00eatre am\u00e9lior\u00e9s.<\/p>\n<p>Dans cet article, le D<sup>r<\/sup>\u00a0Earle explique en quoi les efforts du Partenariat pour r\u00e9aliser la vision de la <a href=\"https:\/\/www.partnershipagainstcancer.ca\/fr\/cancer-strategy\/\"><em>Strat\u00e9gie canadienne de lutte contre le cancer\u00a02019-2029 <\/em>(la Strat\u00e9gie)<\/a> s\u2019alignent sur le th\u00e8me de la Journ\u00e9e mondiale contre le cancer, qui est d\u2019agir pour des soins plus justes.<\/p>\n<p>Extrait de l\u2019article publi\u00e9 dans le <a href=\"https:\/\/www.theglobeandmail.com\/life\/adv\/article-a-strong-and-resilient-cancer-system-inspiring-hope-in-people-touched\/\" target=\"_blank\" rel=\"noopener\">Globe and Mail<\/a> (en anglais seulement):<\/p>\n<p>Le Partenariat \u0153uvre \u00e9galement \u00e0 appuyer le r\u00e9tablissement apr\u00e8s la pand\u00e9mie et la d\u00e9finition d\u2019une voie commune \u00e0 suivre. Cela comprend la publication d\u2019un rapport intitul\u00e9 <a href=\"https:\/\/www.partnershipagainstcancer.ca\/fr\/topics\/cancer-in-covid-19-era\/summary\/\"><em>La voie du r\u00e9tablissement\u00a0: le cancer \u00e0 l\u2019\u00e8re de la COVID-19<\/em><\/a>, qui met en lumi\u00e8re les travaux novateurs en cours et recense les am\u00e9liorations \u00e0 apporter pour renforcer la capacit\u00e9 du syst\u00e8me de lutte contre le cancer et sauver des vies.<\/p>\n<p>M\u00eame si nous r\u00e9alisons des progr\u00e8s, il reste encore beaucoup \u00e0 faire. Nous continuons \u00e0 nous concentrer sur le cancer dans trois\u00a0domaines\u00a0cl\u00e9s\u00a0:<\/p>\n<ul>\n<li><strong>Ressources humaines dans le secteur des soins de sant\u00e9\u00a0:<\/strong> au Canada, les professionnels de l\u2019oncologie continuent de faire tout leur possible pour offrir des soins d\u2019excellente qualit\u00e9 au cours des vagues successives de la pand\u00e9mie de COVID-19, malgr\u00e9 les pressions accablantes qui p\u00e8sent sur eux. Cependant, les effets n\u00e9gatifs des perturbations se font sentir. Les travailleurs de la sant\u00e9 supportent un lourd fardeau, ce qui entra\u00eene un \u00e9puisement professionnel et contribue \u00e0 des retards dans le d\u00e9pistage, le diagnostic et le traitement du cancer.<\/li>\n<li><strong>Se pr\u00e9parer \u00e0 une augmentation des cas de cancer\u00a0:<\/strong> les perturbations des services de pr\u00e9vention, de d\u00e9pistage, de diagnostic et de traitement qui se sont produites tout au long de la pand\u00e9mie devraient entra\u00eener une augmentation des cas de cancers diagnostiqu\u00e9s \u00e0 des stades plus avanc\u00e9s et des besoins en mati\u00e8re de soins dans les mois et les ann\u00e9es \u00e0 venir. Il faut accro\u00eetre la capacit\u00e9 du syst\u00e8me \u00e0 r\u00e9pondre aux besoins des patients, notamment en mettant en place les ressources n\u00e9cessaires pour les op\u00e9rations chirurgicales et les interventions li\u00e9es au cancer, et en pr\u00eatant attention aux r\u00e9percussions psychologiques, sociales, \u00e9motionnelles et spirituelles des retards de diagnostic et de traitement.<\/li>\n<li><strong>Exploiter le potentiel des nouvelles m\u00e9thodes de prestation des soins, notamment celles qui reposent sur les technologies num\u00e9riques\u00a0:<\/strong> il existe de nouvelles approches en mati\u00e8re de soins qui pourraient aider \u00e0 r\u00e9soudre les probl\u00e8mes de capacit\u00e9 et d\u2019acc\u00e8s au sein du syst\u00e8me. Les innovations en mati\u00e8re de sant\u00e9 virtuelle et num\u00e9rique et d\u2019intervention-pivot qui ont vu le jour pendant la pand\u00e9mie pourraient notamment changer la donne pour les personnes atteintes de cancer et, si elles sont mises en \u0153uvre de mani\u00e8re appropri\u00e9e, contribuer \u00e0 am\u00e9liorer l\u2019\u00e9quit\u00e9.<\/li>\n<\/ul>\n<p>Pour marquer la Journ\u00e9e mondiale contre le cancer, les monuments suivants seront illumin\u00e9s en orange et en bleu le 4\u00a0f\u00e9vrier\u00a0:<\/p>\n<ul>\n<li>Voiles de la Place du Canada, Vancouver, Colombie-Britannique;<\/li>\n<li>Centre des congr\u00e8s de Vancouver, Vancouver, Colombie-Britannique;<\/li>\n<li>Pont High Level, Edmonton, Alberta;<\/li>\n<li>Enseigne \u00ab\u00a0Winnipeg\u00a0\u00bb de la Fourche, Winnipeg, Manitoba;<\/li>\n<li>Tour CN, Toronto, Ontario;<\/li>\n<li>Enseigne \u00ab\u00a0Toronto\u00a0\u00bb, Toronto, Ontario;<\/li>\n<li>Chutes du Niagara, Niagara Falls, Ontario;<\/li>\n<li>Enseigne \u00ab\u00a0Ottawa\u00a0\u00bb, Ottawa, Ontario;<\/li>\n<li>H\u00f4tel de ville de Halifax, Halifax, Nouvelle-\u00c9cosse;<\/li>\n<li>R\u00e9sidence de la lieutenante-gouverneure, St.\u00a0John\u2019s, Terre-Neuve-et-Labrador.<\/li>\n<\/ul>\n<p><strong>\u00c0 propos de la Journ\u00e9e mondiale contre le cancer\u00a02023<\/strong><\/p>\n<p>La Journ\u00e9e mondiale contre le cancer a lieu le 4\u00a0f\u00e9vrier de chaque ann\u00e9e. Il s\u2019agit d\u2019une journ\u00e9e de sensibilisation internationale essentielle qui unit le monde dans la lutte contre le cancer. Coordonn\u00e9e par l\u2019UICC, la Journ\u00e9e mondiale contre le cancer\u00a02023 se d\u00e9roule sous le th\u00e8me \u00ab\u00a0Pour des soins plus justes\u00a0\u00bb et se concentre sur l\u2019union des forces, la c\u00e9l\u00e9bration des progr\u00e8s r\u00e9alis\u00e9s dans le monde r\u00e9el, et l\u2019encouragement du lancement d\u2019efforts visant \u00e0 atteindre l\u2019\u00e9quit\u00e9. La Journ\u00e9e mondiale contre le cancer est une occasion d\u2019apprendre avec un esprit ouvert, de remettre en question les id\u00e9es re\u00e7ues et d\u2019agir pour un monde moins accabl\u00e9 par le cancer.<\/p>\n<p>Pour en savoir plus sur la Journ\u00e9e mondiale contre le cancer, rendez-vous \u00e0 <a href=\"https:\/\/www.worldcancerday.org\/fr\" target=\"_blank\" rel=\"noopener\">www.worldcancerday.org\/fr<\/a>.<\/p>\n","protected":false},"excerpt":{"rendered":"<p>D\u00e9couvrez comment le Partenariat met l\u2019accent sur le cancer et contribue \u00e0 l&rsquo;offre de soins plus justes au Canada. <\/p>\n","protected":false},"author":24,"featured_media":59399,"menu_order":0,"template":"","news_events_categories":[1029],"class_list":["post-59400","news-events","type-news-events","status-publish","has-post-thumbnail","hentry","news_events_categories-nouvelles"],"acf":[],"yoast_head":"<!-- This site is optimized with the Yoast SEO plugin v27.3 - https:\/\/yoast.com\/product\/yoast-seo-wordpress\/ -->\n<title>Canadian Partnership Against Cancer<\/title>\n<meta name=\"robots\" content=\"index, follow, max-snippet:-1, max-image-preview:large, max-video-preview:-1\" \/>\n<link rel=\"canonical\" href=\"https:\/\/www.partnershipagainstcancer.ca\/fr\/news-events\/news\/article\/canadian-partnership-against-cancer-marks-world-cancer-day-2023\/\" \/>\n<meta property=\"og:locale\" content=\"fr_FR\" \/>\n<meta property=\"og:type\" content=\"article\" \/>\n<meta property=\"og:title\" content=\"Le Partenariat canadien contre le cancer c\u00e9l\u00e8bre la Journ\u00e9e mondiale contre le cancer 2023 - Canadian Partnership Against Cancer\" \/>\n<meta property=\"og:description\" content=\"D\u00e9couvrez comment le Partenariat met l\u2019accent sur le cancer et contribue \u00e0 l&#039;offre de soins plus justes au Canada.\" \/>\n<meta property=\"og:url\" content=\"https:\/\/www.partnershipagainstcancer.ca\/fr\/news-events\/news\/article\/canadian-partnership-against-cancer-marks-world-cancer-day-2023\/\" \/>\n<meta property=\"og:site_name\" content=\"Canadian Partnership Against Cancer\" \/>\n<meta property=\"article:publisher\" content=\"https:\/\/www.facebook.com\/CanadianPartnershipAgainstCancer\/\" \/>\n<meta property=\"article:modified_time\" content=\"2023-02-03T17:35:00+00:00\" \/>\n<meta property=\"og:image\" content=\"https:\/\/www.partnershipagainstcancer.ca\/wp-content\/uploads\/2023\/02\/WCD-HOMEPAGE-1024x683.png\" \/>\n\t<meta property=\"og:image:width\" content=\"1024\" \/>\n\t<meta property=\"og:image:height\" content=\"683\" \/>\n\t<meta property=\"og:image:type\" content=\"image\/png\" \/>\n<meta name=\"twitter:card\" content=\"summary_large_image\" \/>\n<meta name=\"twitter:site\" content=\"@cancerstratca\" \/>\n<meta name=\"twitter:label1\" content=\"Dur\u00e9e de lecture estim\u00e9e\" \/>\n\t<meta name=\"twitter:data1\" content=\"4 minutes\" \/>\n<script type=\"application\/ld+json\" class=\"yoast-schema-graph\">{\"@context\":\"https:\\\/\\\/schema.org\",\"@graph\":[{\"@type\":\"WebPage\",\"@id\":\"https:\\\/\\\/www.partnershipagainstcancer.ca\\\/fr\\\/news-events\\\/news\\\/article\\\/canadian-partnership-against-cancer-marks-world-cancer-day-2023\\\/\",\"url\":\"https:\\\/\\\/www.partnershipagainstcancer.ca\\\/fr\\\/news-events\\\/news\\\/article\\\/canadian-partnership-against-cancer-marks-world-cancer-day-2023\\\/\",\"name\":\"Le Partenariat canadien contre le cancer c\u00e9l\u00e8bre la Journ\u00e9e mondiale contre le cancer 2023 - Canadian Partnership Against Cancer\",\"isPartOf\":{\"@id\":\"https:\\\/\\\/dev.partnershipagainstcancer.ca\\\/#website\"},\"primaryImageOfPage\":{\"@id\":\"https:\\\/\\\/www.partnershipagainstcancer.ca\\\/fr\\\/news-events\\\/news\\\/article\\\/canadian-partnership-against-cancer-marks-world-cancer-day-2023\\\/#primaryimage\"},\"image\":{\"@id\":\"https:\\\/\\\/www.partnershipagainstcancer.ca\\\/fr\\\/news-events\\\/news\\\/article\\\/canadian-partnership-against-cancer-marks-world-cancer-day-2023\\\/#primaryimage\"},\"thumbnailUrl\":\"https:\\\/\\\/www.partnershipagainstcancer.ca\\\/wp-content\\\/uploads\\\/2023\\\/02\\\/WCD-HOMEPAGE.png\",\"datePublished\":\"2023-02-03T17:26:15+00:00\",\"dateModified\":\"2023-02-03T17:35:00+00:00\",\"breadcrumb\":{\"@id\":\"https:\\\/\\\/www.partnershipagainstcancer.ca\\\/fr\\\/news-events\\\/news\\\/article\\\/canadian-partnership-against-cancer-marks-world-cancer-day-2023\\\/#breadcrumb\"},\"inLanguage\":\"fr-FR\",\"potentialAction\":[{\"@type\":\"ReadAction\",\"target\":[\"https:\\\/\\\/www.partnershipagainstcancer.ca\\\/fr\\\/news-events\\\/news\\\/article\\\/canadian-partnership-against-cancer-marks-world-cancer-day-2023\\\/\"]}]},{\"@type\":\"ImageObject\",\"inLanguage\":\"fr-FR\",\"@id\":\"https:\\\/\\\/www.partnershipagainstcancer.ca\\\/fr\\\/news-events\\\/news\\\/article\\\/canadian-partnership-against-cancer-marks-world-cancer-day-2023\\\/#primaryimage\",\"url\":\"https:\\\/\\\/www.partnershipagainstcancer.ca\\\/wp-content\\\/uploads\\\/2023\\\/02\\\/WCD-HOMEPAGE.png\",\"contentUrl\":\"https:\\\/\\\/www.partnershipagainstcancer.ca\\\/wp-content\\\/uploads\\\/2023\\\/02\\\/WCD-HOMEPAGE.png\",\"width\":2048,\"height\":1366,\"caption\":\"Un m\u00e9decin noir lit un rapport \u00e0 une patiente noire.\"},{\"@type\":\"BreadcrumbList\",\"@id\":\"https:\\\/\\\/www.partnershipagainstcancer.ca\\\/fr\\\/news-events\\\/news\\\/article\\\/canadian-partnership-against-cancer-marks-world-cancer-day-2023\\\/#breadcrumb\",\"itemListElement\":[{\"@type\":\"ListItem\",\"position\":1,\"name\":\"News\",\"item\":\"https:\\\/\\\/www.partnershipagainstcancer.ca\\\/news-events\\\/news\\\/article\\\/\"},{\"@type\":\"ListItem\",\"position\":2,\"name\":\"Le Partenariat canadien contre le cancer c\u00e9l\u00e8bre la Journ\u00e9e mondiale contre le cancer 2023\"}]},{\"@type\":\"WebSite\",\"@id\":\"https:\\\/\\\/dev.partnershipagainstcancer.ca\\\/#website\",\"url\":\"https:\\\/\\\/dev.partnershipagainstcancer.ca\\\/\",\"name\":\"Canadian Partnership Against Cancer\",\"description\":\"\",\"potentialAction\":[{\"@type\":\"SearchAction\",\"target\":{\"@type\":\"EntryPoint\",\"urlTemplate\":\"https:\\\/\\\/dev.partnershipagainstcancer.ca\\\/?s={search_term_string}\"},\"query-input\":{\"@type\":\"PropertyValueSpecification\",\"valueRequired\":true,\"valueName\":\"search_term_string\"}}],\"inLanguage\":\"fr-FR\"}]}<\/script>\n<!-- \/ Yoast SEO plugin. -->","yoast_head_json":{"title":"Canadian Partnership Against Cancer","robots":{"index":"index","follow":"follow","max-snippet":"max-snippet:-1","max-image-preview":"max-image-preview:large","max-video-preview":"max-video-preview:-1"},"canonical":"https:\/\/www.partnershipagainstcancer.ca\/fr\/news-events\/news\/article\/canadian-partnership-against-cancer-marks-world-cancer-day-2023\/","og_locale":"fr_FR","og_type":"article","og_title":"Le Partenariat canadien contre le cancer c\u00e9l\u00e8bre la Journ\u00e9e mondiale contre le cancer 2023 - Canadian Partnership Against Cancer","og_description":"D\u00e9couvrez comment le Partenariat met l\u2019accent sur le cancer et contribue \u00e0 l'offre de soins plus justes au Canada.","og_url":"https:\/\/www.partnershipagainstcancer.ca\/fr\/news-events\/news\/article\/canadian-partnership-against-cancer-marks-world-cancer-day-2023\/","og_site_name":"Canadian Partnership Against Cancer","article_publisher":"https:\/\/www.facebook.com\/CanadianPartnershipAgainstCancer\/","article_modified_time":"2023-02-03T17:35:00+00:00","og_image":[{"width":1024,"height":683,"url":"https:\/\/www.partnershipagainstcancer.ca\/wp-content\/uploads\/2023\/02\/WCD-HOMEPAGE-1024x683.png","type":"image\/png"}],"twitter_card":"summary_large_image","twitter_site":"@cancerstratca","twitter_misc":{"Dur\u00e9e de lecture estim\u00e9e":"4 minutes"},"schema":{"@context":"https:\/\/schema.org","@graph":[{"@type":"WebPage","@id":"https:\/\/www.partnershipagainstcancer.ca\/fr\/news-events\/news\/article\/canadian-partnership-against-cancer-marks-world-cancer-day-2023\/","url":"https:\/\/www.partnershipagainstcancer.ca\/fr\/news-events\/news\/article\/canadian-partnership-against-cancer-marks-world-cancer-day-2023\/","name":"Le Partenariat canadien contre le cancer c\u00e9l\u00e8bre la Journ\u00e9e mondiale contre le cancer 2023 - Canadian Partnership Against Cancer","isPartOf":{"@id":"https:\/\/dev.partnershipagainstcancer.ca\/#website"},"primaryImageOfPage":{"@id":"https:\/\/www.partnershipagainstcancer.ca\/fr\/news-events\/news\/article\/canadian-partnership-against-cancer-marks-world-cancer-day-2023\/#primaryimage"},"image":{"@id":"https:\/\/www.partnershipagainstcancer.ca\/fr\/news-events\/news\/article\/canadian-partnership-against-cancer-marks-world-cancer-day-2023\/#primaryimage"},"thumbnailUrl":"https:\/\/www.partnershipagainstcancer.ca\/wp-content\/uploads\/2023\/02\/WCD-HOMEPAGE.png","datePublished":"2023-02-03T17:26:15+00:00","dateModified":"2023-02-03T17:35:00+00:00","breadcrumb":{"@id":"https:\/\/www.partnershipagainstcancer.ca\/fr\/news-events\/news\/article\/canadian-partnership-against-cancer-marks-world-cancer-day-2023\/#breadcrumb"},"inLanguage":"fr-FR","potentialAction":[{"@type":"ReadAction","target":["https:\/\/www.partnershipagainstcancer.ca\/fr\/news-events\/news\/article\/canadian-partnership-against-cancer-marks-world-cancer-day-2023\/"]}]},{"@type":"ImageObject","inLanguage":"fr-FR","@id":"https:\/\/www.partnershipagainstcancer.ca\/fr\/news-events\/news\/article\/canadian-partnership-against-cancer-marks-world-cancer-day-2023\/#primaryimage","url":"https:\/\/www.partnershipagainstcancer.ca\/wp-content\/uploads\/2023\/02\/WCD-HOMEPAGE.png","contentUrl":"https:\/\/www.partnershipagainstcancer.ca\/wp-content\/uploads\/2023\/02\/WCD-HOMEPAGE.png","width":2048,"height":1366,"caption":"Un m\u00e9decin noir lit un rapport \u00e0 une patiente noire."},{"@type":"BreadcrumbList","@id":"https:\/\/www.partnershipagainstcancer.ca\/fr\/news-events\/news\/article\/canadian-partnership-against-cancer-marks-world-cancer-day-2023\/#breadcrumb","itemListElement":[{"@type":"ListItem","position":1,"name":"News","item":"https:\/\/www.partnershipagainstcancer.ca\/news-events\/news\/article\/"},{"@type":"ListItem","position":2,"name":"Le Partenariat canadien contre le cancer c\u00e9l\u00e8bre la Journ\u00e9e mondiale contre le cancer 2023"}]},{"@type":"WebSite","@id":"https:\/\/dev.partnershipagainstcancer.ca\/#website","url":"https:\/\/dev.partnershipagainstcancer.ca\/","name":"Canadian Partnership Against Cancer","description":"","potentialAction":[{"@type":"SearchAction","target":{"@type":"EntryPoint","urlTemplate":"https:\/\/dev.partnershipagainstcancer.ca\/?s={search_term_string}"},"query-input":{"@type":"PropertyValueSpecification","valueRequired":true,"valueName":"search_term_string"}}],"inLanguage":"fr-FR"}]}},"_links":{"self":[{"href":"https:\/\/www.partnershipagainstcancer.ca\/fr\/wp-json\/wp\/v2\/news-events\/59400","targetHints":{"allow":["GET"]}}],"collection":[{"href":"https:\/\/www.partnershipagainstcancer.ca\/fr\/wp-json\/wp\/v2\/news-events"}],"about":[{"href":"https:\/\/www.partnershipagainstcancer.ca\/fr\/wp-json\/wp\/v2\/types\/news-events"}],"author":[{"embeddable":true,"href":"https:\/\/www.partnershipagainstcancer.ca\/fr\/wp-json\/wp\/v2\/users\/24"}],"wp:featuredmedia":[{"embeddable":true,"href":"https:\/\/www.partnershipagainstcancer.ca\/fr\/wp-json\/wp\/v2\/media\/59399"}],"wp:attachment":[{"href":"https:\/\/www.partnershipagainstcancer.ca\/fr\/wp-json\/wp\/v2\/media?parent=59400"}],"wp:term":[{"taxonomy":"news_events_categories","embeddable":true,"href":"https:\/\/www.partnershipagainstcancer.ca\/fr\/wp-json\/wp\/v2\/news_events_categories?post=59400"}],"curies":[{"name":"wp","href":"https:\/\/api.w.org\/{rel}","templated":true}]}}