{"id":58174,"date":"2022-10-25T09:19:44","date_gmt":"2022-10-25T14:19:44","guid":{"rendered":"https:\/\/www.partnershipagainstcancer.ca\/?post_type=news-events&#038;p=58174"},"modified":"2025-07-04T13:12:39","modified_gmt":"2025-07-04T18:12:39","slug":"le-conseil-dadministration-du-partenariat-canadien-contre-le-cancer-elit-un-nouveau-president-et-un-nouveau-vice-president-et-accueille-de-nouvelles-membres","status":"publish","type":"news-events","link":"https:\/\/www.partnershipagainstcancer.ca\/fr\/news-events\/news\/article\/le-conseil-dadministration-du-partenariat-canadien-contre-le-cancer-elit-un-nouveau-president-et-un-nouveau-vice-president-et-accueille-de-nouvelles-membres\/","title":{"rendered":"Le conseil d\u2019administration du Partenariat canadien contre le cancer \u00e9lit un nouveau pr\u00e9sident et un nouveau vice-pr\u00e9sident, et accueille de nouvelles membres"},"content":{"rendered":"<p>R\u00e9cemment, le conseil d\u2019administration du Partenariat canadien contre le cancer (le Partenariat) a \u00e9lu Jeff\u00a0Zweig et le D<sup>r<\/sup>\u00a0Andr\u00e9\u00a0Corriveau \u00e0 titre de pr\u00e9sident et de vice-pr\u00e9sident, respectivement, et a accueilli en son sein quatre nouvelles membres venant de tout le Canada et apportant chacune des points de vue professionnels et personnels qui nous aideront \u00e0 apporter des changements mesurables au profit de toutes les personnes atteintes de cancer au Canada.<\/p>\n<p>M. Zweig s\u2019est joint au conseil d\u2019administration du Partenariat en juin 2016. Il est associ\u00e9, vice-pr\u00e9sident et responsable de la gestion des atouts chez Fiera Comox, une soci\u00e9t\u00e9 internationale priv\u00e9e d\u2019investissement. M. Zweig a auparavant si\u00e9g\u00e9 au conseil d\u2019administration de divers organismes \u00e0 but lucratif et non lucratif, et orientera les efforts du Partenariat en vue d\u2019atteindre les objectifs de la <a href=\"https:\/\/www.partnershipagainstcancer.ca\/fr\/cancer-strategy\/\"><em>Strat\u00e9gie canadienne de lutte contre le cancer<\/em><\/a>.<\/p>\n<p>Les nouvelles membres du <a href=\"https:\/\/www.partnershipagainstcancer.ca\/fr\/about-us\/who-we-are\/board-of-directors\/\">conseil d\u2019administration<\/a> du Partenariat viendront enrichir l\u2019exp\u00e9rience diverse de ses membres actuels dans des domaines cl\u00e9s tels que les services de sant\u00e9 provinciaux, la politique strat\u00e9gique, la v\u00e9rification et les finances.<\/p>\n<p>Voici les nouvelles membres du conseil d\u2019administration du Partenariat\u00a0:<\/p>\n<p><strong>Repr\u00e9sentantes gouvernementales<\/strong><\/p>\n<ul>\n<li>Kristy Anderson, sous-ministre adjointe, Services hospitaliers et Services de sant\u00e9 provinciaux, minist\u00e8re de la Sant\u00e9 de la Colombie-Britannique<\/li>\n<li>Lynne\u00a0Tomson, sous-ministre adjointe d\u00e9l\u00e9gu\u00e9e, Direction g\u00e9n\u00e9rale de la politique strat\u00e9gique, Sant\u00e9\u00a0Canada<\/li>\n<\/ul>\n<p><strong>Repr\u00e9sentantes non gouvernementales<\/strong><\/p>\n<ul>\n<li>Doreen Neville, D. Sc., ancienne vice-pr\u00e9sidente, comit\u00e9 d\u2019experts pour l\u2019examen ind\u00e9pendant du syst\u00e8me public d\u2019\u00e9ducation postsecondaire, Terre-Neuve-et-Labrador<\/li>\n<li>Shannon\u00a0Ryhorchuk, associ\u00e9e, PricewaterhouseCoopers<\/li>\n<\/ul>\n<p>Ces personnes se joindront aux membres actuels du conseil d\u2019administration, soit Julien Billot, Katherine Chubbs, DBA, le D<sup>r<\/sup>\u00a0Andr\u00e9\u00a0Corriveau (vice-pr\u00e9sident), le D<sup>r<\/sup>\u00a0Michael\u00a0Crump, Linda\u00a0Dempster, Melanie\u00a0Fraser, la D<sup>re<\/sup>\u00a0Desir\u00e9e\u00a0Hao, David\u00a0Lai, le D<sup>r<\/sup>\u00a0Darren\u00a0Larsen, le D<sup>r<\/sup>\u00a0Jean\u00a0Latreille, Michelle\u00a0Owen, le D<sup>r<\/sup>\u00a0David\u00a0Sabapathy, Andrea\u00a0Seale, Cheryl\u00a0Smith et Jeff\u00a0Zweig (pr\u00e9sident).<\/p>\n<p>Le Partenariat tient \u00e0 remercier les membres sortants de son conseil d\u2019administration, \u00e0 savoir Ewan\u00a0Clark, Karen\u00a0Herd, Helen\u00a0Mallovy\u00a0Hicks et le D<sup>r<\/sup>\u00a0Eshwar\u00a0Kumar, pour leur leadership et leurs contributions au cours de leur mandat.<\/p>\n<p>Nous aimerions \u00e9galement saluer et remercier notre pr\u00e9sident sortant, le D<sup>r<\/sup>\u00a0Graham\u00a0Sher, pour son leadership au cours de ses nombreuses et pr\u00e9cieuses ann\u00e9es de service. Le D<sup>r<\/sup>\u00a0Sher s\u2019est joint au conseil d\u2019administration du Partenariat en juin\u00a02012 et en a \u00e9t\u00e9 \u00e9lu pr\u00e9sident en\u00a02016. Sa vision de l\u2019importance et de la contribution du Partenariat au sein du syst\u00e8me f\u00e9d\u00e9r\u00e9 de soins de sant\u00e9 du Canada s\u2019est av\u00e9r\u00e9e un principe directeur.<\/p>\n<p>Pour obtenir de plus amples renseignements, visitez la page\u00a0<a href=\"https:\/\/www.partnershipagainstcancer.ca\/fr\/about-us\/who-we-are\/board-of-directors\/\">Conseil d\u2019administration<\/a> de notre site\u00a0Web.<\/p>\n","protected":false},"excerpt":{"rendered":"<p>R\u00e9cemment, le conseil d\u2019administration du Partenariat canadien contre le cancer (le Partenariat) a \u00e9lu Jeff\u00a0Zweig et le Dr\u00a0Andr\u00e9\u00a0Corriveau \u00e0 titre de pr\u00e9sident et de vice-pr\u00e9sident, respectivement, et a accueilli en son sein quatre nouvelles membres venant de tout le Canada et apportant chacune des points de vue professionnels et personnels qui nous aideront \u00e0 apporter [&hellip;]<\/p>\n","protected":false},"author":24,"featured_media":58308,"menu_order":0,"template":"","news_events_categories":[1029],"class_list":["post-58174","news-events","type-news-events","status-publish","has-post-thumbnail","hentry","news_events_categories-nouvelles"],"acf":[],"yoast_head":"<!-- This site is optimized with the Yoast SEO plugin v27.3 - https:\/\/yoast.com\/product\/yoast-seo-wordpress\/ -->\n<title>Canadian Partnership Against Cancer<\/title>\n<meta name=\"robots\" content=\"index, follow, max-snippet:-1, max-image-preview:large, max-video-preview:-1\" \/>\n<link rel=\"canonical\" href=\"https:\/\/www.partnershipagainstcancer.ca\/fr\/news-events\/news\/article\/le-conseil-dadministration-du-partenariat-canadien-contre-le-cancer-elit-un-nouveau-president-et-un-nouveau-vice-president-et-accueille-de-nouvelles-membres\/\" \/>\n<meta property=\"og:locale\" content=\"fr_FR\" \/>\n<meta property=\"og:type\" content=\"article\" \/>\n<meta property=\"og:title\" content=\"Le conseil d\u2019administration du Partenariat canadien contre le cancer \u00e9lit un nouveau pr\u00e9sident et un nouveau vice-pr\u00e9sident, et accueille de nouvelles membres - Canadian Partnership Against Cancer\" \/>\n<meta property=\"og:description\" content=\"R\u00e9cemment, le conseil d\u2019administration du Partenariat canadien contre le cancer (le Partenariat) a \u00e9lu Jeff\u00a0Zweig et le Dr\u00a0Andr\u00e9\u00a0Corriveau \u00e0 titre de pr\u00e9sident et de vice-pr\u00e9sident, respectivement, et a accueilli en son sein quatre nouvelles membres venant de tout le Canada et apportant chacune des points de vue professionnels et personnels qui nous aideront \u00e0 apporter [&hellip;]\" \/>\n<meta property=\"og:url\" content=\"https:\/\/www.partnershipagainstcancer.ca\/fr\/news-events\/news\/article\/le-conseil-dadministration-du-partenariat-canadien-contre-le-cancer-elit-un-nouveau-president-et-un-nouveau-vice-president-et-accueille-de-nouvelles-membres\/\" \/>\n<meta property=\"og:site_name\" content=\"Canadian Partnership Against Cancer\" \/>\n<meta property=\"article:publisher\" content=\"https:\/\/www.facebook.com\/CanadianPartnershipAgainstCancer\/\" \/>\n<meta property=\"article:modified_time\" content=\"2025-07-04T18:12:39+00:00\" \/>\n<meta property=\"og:image\" content=\"https:\/\/www.partnershipagainstcancer.ca\/wp-content\/uploads\/2022\/10\/Board-of-Directors-Web-.jpg\" \/>\n\t<meta property=\"og:image:width\" content=\"1030\" \/>\n\t<meta property=\"og:image:height\" content=\"720\" \/>\n\t<meta property=\"og:image:type\" content=\"image\/jpeg\" \/>\n<meta name=\"twitter:card\" content=\"summary_large_image\" \/>\n<meta name=\"twitter:site\" content=\"@cancerstratca\" \/>\n<meta name=\"twitter:label1\" content=\"Dur\u00e9e de lecture estim\u00e9e\" \/>\n\t<meta name=\"twitter:data1\" content=\"3 minutes\" \/>\n<script type=\"application\/ld+json\" class=\"yoast-schema-graph\">{\"@context\":\"https:\\\/\\\/schema.org\",\"@graph\":[{\"@type\":\"WebPage\",\"@id\":\"https:\\\/\\\/www.partnershipagainstcancer.ca\\\/fr\\\/news-events\\\/news\\\/article\\\/le-conseil-dadministration-du-partenariat-canadien-contre-le-cancer-elit-un-nouveau-president-et-un-nouveau-vice-president-et-accueille-de-nouvelles-membres\\\/\",\"url\":\"https:\\\/\\\/www.partnershipagainstcancer.ca\\\/fr\\\/news-events\\\/news\\\/article\\\/le-conseil-dadministration-du-partenariat-canadien-contre-le-cancer-elit-un-nouveau-president-et-un-nouveau-vice-president-et-accueille-de-nouvelles-membres\\\/\",\"name\":\"Le conseil d\u2019administration du Partenariat canadien contre le cancer \u00e9lit un nouveau pr\u00e9sident et un nouveau vice-pr\u00e9sident, et accueille de nouvelles membres - Canadian Partnership Against Cancer\",\"isPartOf\":{\"@id\":\"https:\\\/\\\/dev.partnershipagainstcancer.ca\\\/#website\"},\"primaryImageOfPage\":{\"@id\":\"https:\\\/\\\/www.partnershipagainstcancer.ca\\\/fr\\\/news-events\\\/news\\\/article\\\/le-conseil-dadministration-du-partenariat-canadien-contre-le-cancer-elit-un-nouveau-president-et-un-nouveau-vice-president-et-accueille-de-nouvelles-membres\\\/#primaryimage\"},\"image\":{\"@id\":\"https:\\\/\\\/www.partnershipagainstcancer.ca\\\/fr\\\/news-events\\\/news\\\/article\\\/le-conseil-dadministration-du-partenariat-canadien-contre-le-cancer-elit-un-nouveau-president-et-un-nouveau-vice-president-et-accueille-de-nouvelles-membres\\\/#primaryimage\"},\"thumbnailUrl\":\"https:\\\/\\\/www.partnershipagainstcancer.ca\\\/wp-content\\\/uploads\\\/2022\\\/10\\\/Board-of-Directors-Web-.jpg\",\"datePublished\":\"2022-10-25T14:19:44+00:00\",\"dateModified\":\"2025-07-04T18:12:39+00:00\",\"breadcrumb\":{\"@id\":\"https:\\\/\\\/www.partnershipagainstcancer.ca\\\/fr\\\/news-events\\\/news\\\/article\\\/le-conseil-dadministration-du-partenariat-canadien-contre-le-cancer-elit-un-nouveau-president-et-un-nouveau-vice-president-et-accueille-de-nouvelles-membres\\\/#breadcrumb\"},\"inLanguage\":\"fr-FR\",\"potentialAction\":[{\"@type\":\"ReadAction\",\"target\":[\"https:\\\/\\\/www.partnershipagainstcancer.ca\\\/fr\\\/news-events\\\/news\\\/article\\\/le-conseil-dadministration-du-partenariat-canadien-contre-le-cancer-elit-un-nouveau-president-et-un-nouveau-vice-president-et-accueille-de-nouvelles-membres\\\/\"]}]},{\"@type\":\"ImageObject\",\"inLanguage\":\"fr-FR\",\"@id\":\"https:\\\/\\\/www.partnershipagainstcancer.ca\\\/fr\\\/news-events\\\/news\\\/article\\\/le-conseil-dadministration-du-partenariat-canadien-contre-le-cancer-elit-un-nouveau-president-et-un-nouveau-vice-president-et-accueille-de-nouvelles-membres\\\/#primaryimage\",\"url\":\"https:\\\/\\\/www.partnershipagainstcancer.ca\\\/wp-content\\\/uploads\\\/2022\\\/10\\\/Board-of-Directors-Web-.jpg\",\"contentUrl\":\"https:\\\/\\\/www.partnershipagainstcancer.ca\\\/wp-content\\\/uploads\\\/2022\\\/10\\\/Board-of-Directors-Web-.jpg\",\"width\":1030,\"height\":720,\"caption\":\"Portraits du pr\u00e9sident du Conseil, du vice-pr\u00e9sident et de quatre nouveaux membres du Conseil.\"},{\"@type\":\"BreadcrumbList\",\"@id\":\"https:\\\/\\\/www.partnershipagainstcancer.ca\\\/fr\\\/news-events\\\/news\\\/article\\\/le-conseil-dadministration-du-partenariat-canadien-contre-le-cancer-elit-un-nouveau-president-et-un-nouveau-vice-president-et-accueille-de-nouvelles-membres\\\/#breadcrumb\",\"itemListElement\":[{\"@type\":\"ListItem\",\"position\":1,\"name\":\"News\",\"item\":\"https:\\\/\\\/www.partnershipagainstcancer.ca\\\/news-events\\\/news\\\/article\\\/\"},{\"@type\":\"ListItem\",\"position\":2,\"name\":\"Le conseil d\u2019administration du Partenariat canadien contre le cancer \u00e9lit un nouveau pr\u00e9sident et un nouveau vice-pr\u00e9sident, et accueille de nouvelles membres\"}]},{\"@type\":\"WebSite\",\"@id\":\"https:\\\/\\\/dev.partnershipagainstcancer.ca\\\/#website\",\"url\":\"https:\\\/\\\/dev.partnershipagainstcancer.ca\\\/\",\"name\":\"Canadian Partnership Against Cancer\",\"description\":\"\",\"potentialAction\":[{\"@type\":\"SearchAction\",\"target\":{\"@type\":\"EntryPoint\",\"urlTemplate\":\"https:\\\/\\\/dev.partnershipagainstcancer.ca\\\/?s={search_term_string}\"},\"query-input\":{\"@type\":\"PropertyValueSpecification\",\"valueRequired\":true,\"valueName\":\"search_term_string\"}}],\"inLanguage\":\"fr-FR\"}]}<\/script>\n<!-- \/ Yoast SEO plugin. -->","yoast_head_json":{"title":"Canadian Partnership Against Cancer","robots":{"index":"index","follow":"follow","max-snippet":"max-snippet:-1","max-image-preview":"max-image-preview:large","max-video-preview":"max-video-preview:-1"},"canonical":"https:\/\/www.partnershipagainstcancer.ca\/fr\/news-events\/news\/article\/le-conseil-dadministration-du-partenariat-canadien-contre-le-cancer-elit-un-nouveau-president-et-un-nouveau-vice-president-et-accueille-de-nouvelles-membres\/","og_locale":"fr_FR","og_type":"article","og_title":"Le conseil d\u2019administration du Partenariat canadien contre le cancer \u00e9lit un nouveau pr\u00e9sident et un nouveau vice-pr\u00e9sident, et accueille de nouvelles membres - Canadian Partnership Against Cancer","og_description":"R\u00e9cemment, le conseil d\u2019administration du Partenariat canadien contre le cancer (le Partenariat) a \u00e9lu Jeff\u00a0Zweig et le Dr\u00a0Andr\u00e9\u00a0Corriveau \u00e0 titre de pr\u00e9sident et de vice-pr\u00e9sident, respectivement, et a accueilli en son sein quatre nouvelles membres venant de tout le Canada et apportant chacune des points de vue professionnels et personnels qui nous aideront \u00e0 apporter [&hellip;]","og_url":"https:\/\/www.partnershipagainstcancer.ca\/fr\/news-events\/news\/article\/le-conseil-dadministration-du-partenariat-canadien-contre-le-cancer-elit-un-nouveau-president-et-un-nouveau-vice-president-et-accueille-de-nouvelles-membres\/","og_site_name":"Canadian Partnership Against Cancer","article_publisher":"https:\/\/www.facebook.com\/CanadianPartnershipAgainstCancer\/","article_modified_time":"2025-07-04T18:12:39+00:00","og_image":[{"width":1030,"height":720,"url":"https:\/\/www.partnershipagainstcancer.ca\/wp-content\/uploads\/2022\/10\/Board-of-Directors-Web-.jpg","type":"image\/jpeg"}],"twitter_card":"summary_large_image","twitter_site":"@cancerstratca","twitter_misc":{"Dur\u00e9e de lecture estim\u00e9e":"3 minutes"},"schema":{"@context":"https:\/\/schema.org","@graph":[{"@type":"WebPage","@id":"https:\/\/www.partnershipagainstcancer.ca\/fr\/news-events\/news\/article\/le-conseil-dadministration-du-partenariat-canadien-contre-le-cancer-elit-un-nouveau-president-et-un-nouveau-vice-president-et-accueille-de-nouvelles-membres\/","url":"https:\/\/www.partnershipagainstcancer.ca\/fr\/news-events\/news\/article\/le-conseil-dadministration-du-partenariat-canadien-contre-le-cancer-elit-un-nouveau-president-et-un-nouveau-vice-president-et-accueille-de-nouvelles-membres\/","name":"Le conseil d\u2019administration du Partenariat canadien contre le cancer \u00e9lit un nouveau pr\u00e9sident et un nouveau vice-pr\u00e9sident, et accueille de nouvelles membres - Canadian Partnership Against Cancer","isPartOf":{"@id":"https:\/\/dev.partnershipagainstcancer.ca\/#website"},"primaryImageOfPage":{"@id":"https:\/\/www.partnershipagainstcancer.ca\/fr\/news-events\/news\/article\/le-conseil-dadministration-du-partenariat-canadien-contre-le-cancer-elit-un-nouveau-president-et-un-nouveau-vice-president-et-accueille-de-nouvelles-membres\/#primaryimage"},"image":{"@id":"https:\/\/www.partnershipagainstcancer.ca\/fr\/news-events\/news\/article\/le-conseil-dadministration-du-partenariat-canadien-contre-le-cancer-elit-un-nouveau-president-et-un-nouveau-vice-president-et-accueille-de-nouvelles-membres\/#primaryimage"},"thumbnailUrl":"https:\/\/www.partnershipagainstcancer.ca\/wp-content\/uploads\/2022\/10\/Board-of-Directors-Web-.jpg","datePublished":"2022-10-25T14:19:44+00:00","dateModified":"2025-07-04T18:12:39+00:00","breadcrumb":{"@id":"https:\/\/www.partnershipagainstcancer.ca\/fr\/news-events\/news\/article\/le-conseil-dadministration-du-partenariat-canadien-contre-le-cancer-elit-un-nouveau-president-et-un-nouveau-vice-president-et-accueille-de-nouvelles-membres\/#breadcrumb"},"inLanguage":"fr-FR","potentialAction":[{"@type":"ReadAction","target":["https:\/\/www.partnershipagainstcancer.ca\/fr\/news-events\/news\/article\/le-conseil-dadministration-du-partenariat-canadien-contre-le-cancer-elit-un-nouveau-president-et-un-nouveau-vice-president-et-accueille-de-nouvelles-membres\/"]}]},{"@type":"ImageObject","inLanguage":"fr-FR","@id":"https:\/\/www.partnershipagainstcancer.ca\/fr\/news-events\/news\/article\/le-conseil-dadministration-du-partenariat-canadien-contre-le-cancer-elit-un-nouveau-president-et-un-nouveau-vice-president-et-accueille-de-nouvelles-membres\/#primaryimage","url":"https:\/\/www.partnershipagainstcancer.ca\/wp-content\/uploads\/2022\/10\/Board-of-Directors-Web-.jpg","contentUrl":"https:\/\/www.partnershipagainstcancer.ca\/wp-content\/uploads\/2022\/10\/Board-of-Directors-Web-.jpg","width":1030,"height":720,"caption":"Portraits du pr\u00e9sident du Conseil, du vice-pr\u00e9sident et de quatre nouveaux membres du Conseil."},{"@type":"BreadcrumbList","@id":"https:\/\/www.partnershipagainstcancer.ca\/fr\/news-events\/news\/article\/le-conseil-dadministration-du-partenariat-canadien-contre-le-cancer-elit-un-nouveau-president-et-un-nouveau-vice-president-et-accueille-de-nouvelles-membres\/#breadcrumb","itemListElement":[{"@type":"ListItem","position":1,"name":"News","item":"https:\/\/www.partnershipagainstcancer.ca\/news-events\/news\/article\/"},{"@type":"ListItem","position":2,"name":"Le conseil d\u2019administration du Partenariat canadien contre le cancer \u00e9lit un nouveau pr\u00e9sident et un nouveau vice-pr\u00e9sident, et accueille de nouvelles membres"}]},{"@type":"WebSite","@id":"https:\/\/dev.partnershipagainstcancer.ca\/#website","url":"https:\/\/dev.partnershipagainstcancer.ca\/","name":"Canadian Partnership Against Cancer","description":"","potentialAction":[{"@type":"SearchAction","target":{"@type":"EntryPoint","urlTemplate":"https:\/\/dev.partnershipagainstcancer.ca\/?s={search_term_string}"},"query-input":{"@type":"PropertyValueSpecification","valueRequired":true,"valueName":"search_term_string"}}],"inLanguage":"fr-FR"}]}},"_links":{"self":[{"href":"https:\/\/www.partnershipagainstcancer.ca\/fr\/wp-json\/wp\/v2\/news-events\/58174","targetHints":{"allow":["GET"]}}],"collection":[{"href":"https:\/\/www.partnershipagainstcancer.ca\/fr\/wp-json\/wp\/v2\/news-events"}],"about":[{"href":"https:\/\/www.partnershipagainstcancer.ca\/fr\/wp-json\/wp\/v2\/types\/news-events"}],"author":[{"embeddable":true,"href":"https:\/\/www.partnershipagainstcancer.ca\/fr\/wp-json\/wp\/v2\/users\/24"}],"wp:featuredmedia":[{"embeddable":true,"href":"https:\/\/www.partnershipagainstcancer.ca\/fr\/wp-json\/wp\/v2\/media\/58308"}],"wp:attachment":[{"href":"https:\/\/www.partnershipagainstcancer.ca\/fr\/wp-json\/wp\/v2\/media?parent=58174"}],"wp:term":[{"taxonomy":"news_events_categories","embeddable":true,"href":"https:\/\/www.partnershipagainstcancer.ca\/fr\/wp-json\/wp\/v2\/news_events_categories?post=58174"}],"curies":[{"name":"wp","href":"https:\/\/api.w.org\/{rel}","templated":true}]}}