{"id":33131,"date":"2015-10-26T00:00:00","date_gmt":"2015-10-26T00:00:00","guid":{"rendered":"https:\/\/www.partnershipagainstcancer.ca\/news\/news_events\/des-partenaires-des-premieres-nations-des-inuits-et-des-metis-%c2%9cuvrant-dans-la-lutte-contre-le-cancer-se-reunissent-a-st-johns\/"},"modified":"2019-12-16T12:28:05","modified_gmt":"2019-12-16T17:28:05","slug":"des-partenaires-des-premieres-nations-des-inuits-et-des-metis-%c2%9cuvrant-dans-la-lutte-contre-le-cancer-se-reunissent-a-st-johns","status":"publish","type":"news-events","link":"https:\/\/www.partnershipagainstcancer.ca\/fr\/news-events\/news\/article\/des-partenaires-des-premieres-nations-des-inuits-et-des-metis-%c2%9cuvrant-dans-la-lutte-contre-le-cancer-se-reunissent-a-st-johns\/","title":{"rendered":"Des partenaires des Premi\u00e8res Nations, des Inuits et des M\u00e9tis \u0153uvrant dans la lutte contre le cancer se r\u00e9unissent \u00e0\u00a0St. John&rsquo;s"},"content":{"rendered":"<p><strong>ST. JOHN&rsquo;S<\/strong> \u2014\u00a0Des partenaires qui aident \u00e0 combler les lacunes prioritaires de la lutte contre le cancer avec et aupr\u00e8s des communaut\u00e9s des Premi\u00e8res Nations, des Inuits et des M\u00e9tis dans tout le Canada se r\u00e9unissent \u00e0 St. John\u2019s pour souligner les progr\u00e8s r\u00e9alis\u00e9s par le biais d\u2019une initiative, financ\u00e9e par le Partenariat canadien contre le cancer, visant \u00e0 r\u00e9duire le fardeau du cancer aupr\u00e8s de ces communaut\u00e9s et \u00e0 am\u00e9liorer l\u2019exp\u00e9rience des patients.<\/p>\n<p>Le forum a lieu au moment o\u00f9 le Partenariat lance un nouvel effort visant \u00e0 am\u00e9liorer l\u2019int\u00e9gration des services de soutien traditionnel et des mod\u00e8les occidentaux de soins avec et pour les membres des Premi\u00e8res Nations, des Inuits et des M\u00e9tis.<\/p>\n<p>\u00ab\u00a0Un point essentiel du\u00a0<a href=\"https:\/\/www.partnershipagainstcancer.ca\/fr\/topics\/first-nations-inuit-metis-action-plan-cancer-control\/\">Plan d\u2019action de\u00a0lutte contre le cancer\u00a0chez les\u00a0Premi\u00e8res Nations,\u00a0les Inuits et\u00a0les M\u00e9tis<\/a>\u00a0r\u00e9side dans l\u2019am\u00e9lioration des ressources et services adapt\u00e9s \u00e0 la culture, y compris une meilleure coop\u00e9ration avec les gardiens des pratiques et savoirs traditionnels,\u00a0\u00bb a expliqu\u00e9 Elisa Levi, directrice au Partenariat de la strat\u00e9gie pour les Premi\u00e8res Nations, les Inuits et les M\u00e9tis. \u00ab\u00a0Pour am\u00e9liorer la pertinence culturelle des activit\u00e9s de lutte contre le cancer, il est essentiel que ceux qui \u0153uvrent dans la lutte contre le cancer comprennent la confiance et l\u2019importance accord\u00e9es par les membres des Premi\u00e8res Nations, des Inuits et des M\u00e9tis aux pratiques de sant\u00e9 traditionnelles, qui font souvent partie int\u00e9grante de leurs d\u00e9cisions en mati\u00e8re de sant\u00e9.\u00a0\u00bb<\/p>\n<p>Le but est de construire un r\u00e9f\u00e9rentiel des mod\u00e8les existants en mati\u00e8re d\u2019int\u00e9gration du soutien traditionnel, comprenant un examen approfondi de 10 mod\u00e8les, qui permettra d\u2019indiquer les ressources n\u00e9cessaires et les changements et relations au sein du syst\u00e8me qui sont essentiels \u00e0 l\u2019int\u00e9gration du soutien traditionnel.<\/p>\n<h2>Pr\u00e9sentateurs<\/h2>\n<p>Le forum sera marqu\u00e9 par un discours d\u2019introduction du <strong>D<sup>r<\/sup>\u00a0Jason Pennington<\/strong>, chirurgien engag\u00e9 dans l\u2019int\u00e9gration des valeurs et des enjeux relatifs \u00e0 la sant\u00e9 des Autochtones dans la formation m\u00e9dicale. Il assume la coresponsabilit\u00e9 du programme d\u2019\u00e9tudes en sant\u00e9 autochtone \u00e0 l\u2019Universit\u00e9 de Toronto et la responsabilit\u00e9 r\u00e9gionale de la lutte contre le cancer pour les peuples autochtones dans le cadre du programme r\u00e9gional de canc\u00e9rologie Centre-Est d\u2019Action Cancer Ontario.<\/p>\n<p>Les autres intervenants sont<\/p>\n<ul>\n<li>le <strong>D<sup>r<\/sup>\u00a0James Makokis<\/strong>, qui si\u00e8ge au conseil d\u2019administration du Conseil de la Sagesse autochtone d\u2019Alberta Health Services<\/li>\n<li><strong>Annie Buchan<\/strong>, vice-pr\u00e9sidente de Pauktuutit, l\u2019association nationale sans but lucratif qui repr\u00e9sente les femmes inuites au Canada<\/li>\n<li><strong>Tanya Davoran<\/strong>, directrice de sant\u00e9 aupr\u00e8s de la M\u00e9tis Nation de Colombie-Britannique<\/li>\n<li><strong>Alison Palmer<\/strong> de CAREX Canada<\/li>\n<li><strong>Brandy Pantel<\/strong>, \u00e9ducatrice de sant\u00e9 avec le programme de d\u00e9pistage du cancer du sein d\u2019Action Cancer Manitoba<\/li>\n<\/ul>\n<p>Au cours de sa premi\u00e8re ann\u00e9e, l\u2019initiative de lutte contre le cancer pour les Premi\u00e8res Nations, les Inuits et les M\u00e9tis lanc\u00e9e par le Partenariat a financ\u00e9 divers projets pluriannuels visant \u00e0 faciliter le parcours du patient. \u00c0 Terre-Neuve-et-Labrador, par exemple, une trousse comprenant des visites virtuelles des endroits o\u00f9 les patients inuits, innus et m\u00e9tis peuvent b\u00e9n\u00e9ficier de traitements est en cours de d\u00e9veloppement et ce, dans le but de faciliter le parcours du patient face au cancer. Ces profils communautaires seront utilis\u00e9s dans le syst\u00e8me de lutte contre le cancer et par les cliniques communautaires pour soutenir les patients dans les p\u00e9riodes de transition afin de relever les d\u00e9fis de l\u2019isolement g\u00e9ographique.<\/p>\n<p style=\"text-align: center;\">\u201330\u2013<\/p>\n<p>Pour plus de renseignements, veuillez communiquer avec\u00a0:<\/p>\n<p>Karen Palmer<br \/>\n(416) 915-9222 poste 5884<br \/>\n(647) 388-9647<\/p>\n<h2>\u00c0 propos du Partenariat canadien contre le cancer<\/h2>\n<p>Le\u00a0<a href=\"https:\/\/www.partnershipagainstcancer.ca\/fr\/\">Partenariat canadien contre le cancer<\/a>\u00a0travaille de concert avec la communaut\u00e9 de la lutte contre le cancer au Canada afin de r\u00e9duire le fardeau de cette maladie sur la population canadienne. Inspir\u00e9 et \u00e9clair\u00e9 par les exp\u00e9riences des personnes touch\u00e9es par le cancer, l\u2019organisme collabore avec des partenaires afin d\u2019appuyer la prise en charge, par les diverses autorit\u00e9s, des donn\u00e9es qui permettront d\u2019optimiser la planification de la lutte contre le cancer et de susciter des am\u00e9liorations sur le plan de la qualit\u00e9 des pratiques dans l\u2019ensemble du pays. Gr\u00e2ce \u00e0 un effort soutenu et cibl\u00e9 \u00e0 l\u2019\u00e9gard de tous les aspects de la lutte contre le cancer, cet organisme soutient le travail collectif de la communaut\u00e9 \u00e9largie de lutte contre le cancer en produisant des r\u00e9sultats qui auront un effet \u00e0 long terme sur la population, soit la r\u00e9duction de l\u2019incidence du cancer, la diminution de la probabilit\u00e9 de d\u00e9c\u00e8s par cancer dans la population canadienne et l\u2019am\u00e9lioration de la qualit\u00e9 de vie des personnes touch\u00e9es par la maladie.<\/p>\n","protected":false},"excerpt":{"rendered":"<p>ST. JOHN&rsquo;S \u2014\u00a0Des partenaires qui aident \u00e0 combler les lacunes prioritaires de la lutte contre le cancer avec et aupr\u00e8s des communaut\u00e9s des Premi\u00e8res Nations, des Inuits et des M\u00e9tis dans tout le Canada se r\u00e9unissent \u00e0 St. John\u2019s pour souligner les progr\u00e8s r\u00e9alis\u00e9s par le biais d\u2019une initiative, financ\u00e9e par le Partenariat canadien contre [&hellip;]<\/p>\n","protected":false},"author":2,"featured_media":0,"menu_order":0,"template":"","news_events_categories":[1029],"class_list":["post-33131","news-events","type-news-events","status-publish","hentry","news_events_categories-nouvelles"],"acf":[],"yoast_head":"<!-- This site is optimized with the Yoast SEO plugin v27.3 - https:\/\/yoast.com\/product\/yoast-seo-wordpress\/ -->\n<title>Canadian Partnership Against Cancer<\/title>\n<meta name=\"robots\" content=\"index, follow, max-snippet:-1, max-image-preview:large, max-video-preview:-1\" \/>\n<link rel=\"canonical\" href=\"https:\/\/www.partnershipagainstcancer.ca\/fr\/news-events\/news\/article\/des-partenaires-des-premieres-nations-des-inuits-et-des-metis-\u009cuvrant-dans-la-lutte-contre-le-cancer-se-reunissent-a-st-johns\/\" \/>\n<meta property=\"og:locale\" content=\"fr_FR\" \/>\n<meta property=\"og:type\" content=\"article\" \/>\n<meta property=\"og:title\" content=\"Des partenaires des Premi\u00e8res Nations, des Inuits et des M\u00e9tis \u0153uvrant dans la lutte contre le cancer se r\u00e9unissent \u00e0\u00a0St. John&#039;s - Canadian Partnership Against Cancer\" \/>\n<meta property=\"og:description\" content=\"ST. JOHN&rsquo;S \u2014\u00a0Des partenaires qui aident \u00e0 combler les lacunes prioritaires de la lutte contre le cancer avec et aupr\u00e8s des communaut\u00e9s des Premi\u00e8res Nations, des Inuits et des M\u00e9tis dans tout le Canada se r\u00e9unissent \u00e0 St. John\u2019s pour souligner les progr\u00e8s r\u00e9alis\u00e9s par le biais d\u2019une initiative, financ\u00e9e par le Partenariat canadien contre [&hellip;]\" \/>\n<meta property=\"og:url\" content=\"https:\/\/www.partnershipagainstcancer.ca\/fr\/news-events\/news\/article\/des-partenaires-des-premieres-nations-des-inuits-et-des-metis-\u009cuvrant-dans-la-lutte-contre-le-cancer-se-reunissent-a-st-johns\/\" \/>\n<meta property=\"og:site_name\" content=\"Canadian Partnership Against Cancer\" \/>\n<meta property=\"article:publisher\" content=\"https:\/\/www.facebook.com\/CanadianPartnershipAgainstCancer\/\" \/>\n<meta property=\"article:modified_time\" content=\"2019-12-16T17:28:05+00:00\" \/>\n<meta name=\"twitter:card\" content=\"summary_large_image\" \/>\n<meta name=\"twitter:site\" content=\"@cancerstratca\" \/>\n<meta name=\"twitter:label1\" content=\"Dur\u00e9e de lecture estim\u00e9e\" \/>\n\t<meta name=\"twitter:data1\" content=\"4 minutes\" \/>\n<script type=\"application\/ld+json\" class=\"yoast-schema-graph\">{\"@context\":\"https:\\\/\\\/schema.org\",\"@graph\":[{\"@type\":\"WebPage\",\"@id\":\"https:\\\/\\\/www.partnershipagainstcancer.ca\\\/fr\\\/news-events\\\/news\\\/article\\\/des-partenaires-des-premieres-nations-des-inuits-et-des-metis-%c2%9cuvrant-dans-la-lutte-contre-le-cancer-se-reunissent-a-st-johns\\\/\",\"url\":\"https:\\\/\\\/www.partnershipagainstcancer.ca\\\/fr\\\/news-events\\\/news\\\/article\\\/des-partenaires-des-premieres-nations-des-inuits-et-des-metis-%c2%9cuvrant-dans-la-lutte-contre-le-cancer-se-reunissent-a-st-johns\\\/\",\"name\":\"Des partenaires des Premi\u00e8res Nations, des Inuits et des M\u00e9tis \u0153uvrant dans la lutte contre le cancer se r\u00e9unissent \u00e0\u00a0St. John's - Canadian Partnership Against Cancer\",\"isPartOf\":{\"@id\":\"https:\\\/\\\/dev.partnershipagainstcancer.ca\\\/#website\"},\"datePublished\":\"2015-10-26T00:00:00+00:00\",\"dateModified\":\"2019-12-16T17:28:05+00:00\",\"breadcrumb\":{\"@id\":\"https:\\\/\\\/www.partnershipagainstcancer.ca\\\/fr\\\/news-events\\\/news\\\/article\\\/des-partenaires-des-premieres-nations-des-inuits-et-des-metis-%c2%9cuvrant-dans-la-lutte-contre-le-cancer-se-reunissent-a-st-johns\\\/#breadcrumb\"},\"inLanguage\":\"fr-FR\",\"potentialAction\":[{\"@type\":\"ReadAction\",\"target\":[\"https:\\\/\\\/www.partnershipagainstcancer.ca\\\/fr\\\/news-events\\\/news\\\/article\\\/des-partenaires-des-premieres-nations-des-inuits-et-des-metis-%c2%9cuvrant-dans-la-lutte-contre-le-cancer-se-reunissent-a-st-johns\\\/\"]}]},{\"@type\":\"BreadcrumbList\",\"@id\":\"https:\\\/\\\/www.partnershipagainstcancer.ca\\\/fr\\\/news-events\\\/news\\\/article\\\/des-partenaires-des-premieres-nations-des-inuits-et-des-metis-%c2%9cuvrant-dans-la-lutte-contre-le-cancer-se-reunissent-a-st-johns\\\/#breadcrumb\",\"itemListElement\":[{\"@type\":\"ListItem\",\"position\":1,\"name\":\"News\",\"item\":\"https:\\\/\\\/www.partnershipagainstcancer.ca\\\/news-events\\\/news\\\/article\\\/\"},{\"@type\":\"ListItem\",\"position\":2,\"name\":\"Des partenaires des Premi\u00e8res Nations, des Inuits et des M\u00e9tis \u0153uvrant dans la lutte contre le cancer se r\u00e9unissent \u00e0\u00a0St. John&rsquo;s\"}]},{\"@type\":\"WebSite\",\"@id\":\"https:\\\/\\\/dev.partnershipagainstcancer.ca\\\/#website\",\"url\":\"https:\\\/\\\/dev.partnershipagainstcancer.ca\\\/\",\"name\":\"Canadian Partnership Against Cancer\",\"description\":\"\",\"potentialAction\":[{\"@type\":\"SearchAction\",\"target\":{\"@type\":\"EntryPoint\",\"urlTemplate\":\"https:\\\/\\\/dev.partnershipagainstcancer.ca\\\/?s={search_term_string}\"},\"query-input\":{\"@type\":\"PropertyValueSpecification\",\"valueRequired\":true,\"valueName\":\"search_term_string\"}}],\"inLanguage\":\"fr-FR\"}]}<\/script>\n<!-- \/ Yoast SEO plugin. -->","yoast_head_json":{"title":"Canadian Partnership Against Cancer","robots":{"index":"index","follow":"follow","max-snippet":"max-snippet:-1","max-image-preview":"max-image-preview:large","max-video-preview":"max-video-preview:-1"},"canonical":"https:\/\/www.partnershipagainstcancer.ca\/fr\/news-events\/news\/article\/des-partenaires-des-premieres-nations-des-inuits-et-des-metis-\u009cuvrant-dans-la-lutte-contre-le-cancer-se-reunissent-a-st-johns\/","og_locale":"fr_FR","og_type":"article","og_title":"Des partenaires des Premi\u00e8res Nations, des Inuits et des M\u00e9tis \u0153uvrant dans la lutte contre le cancer se r\u00e9unissent \u00e0\u00a0St. John's - Canadian Partnership Against Cancer","og_description":"ST. JOHN&rsquo;S \u2014\u00a0Des partenaires qui aident \u00e0 combler les lacunes prioritaires de la lutte contre le cancer avec et aupr\u00e8s des communaut\u00e9s des Premi\u00e8res Nations, des Inuits et des M\u00e9tis dans tout le Canada se r\u00e9unissent \u00e0 St. John\u2019s pour souligner les progr\u00e8s r\u00e9alis\u00e9s par le biais d\u2019une initiative, financ\u00e9e par le Partenariat canadien contre [&hellip;]","og_url":"https:\/\/www.partnershipagainstcancer.ca\/fr\/news-events\/news\/article\/des-partenaires-des-premieres-nations-des-inuits-et-des-metis-\u009cuvrant-dans-la-lutte-contre-le-cancer-se-reunissent-a-st-johns\/","og_site_name":"Canadian Partnership Against Cancer","article_publisher":"https:\/\/www.facebook.com\/CanadianPartnershipAgainstCancer\/","article_modified_time":"2019-12-16T17:28:05+00:00","twitter_card":"summary_large_image","twitter_site":"@cancerstratca","twitter_misc":{"Dur\u00e9e de lecture estim\u00e9e":"4 minutes"},"schema":{"@context":"https:\/\/schema.org","@graph":[{"@type":"WebPage","@id":"https:\/\/www.partnershipagainstcancer.ca\/fr\/news-events\/news\/article\/des-partenaires-des-premieres-nations-des-inuits-et-des-metis-%c2%9cuvrant-dans-la-lutte-contre-le-cancer-se-reunissent-a-st-johns\/","url":"https:\/\/www.partnershipagainstcancer.ca\/fr\/news-events\/news\/article\/des-partenaires-des-premieres-nations-des-inuits-et-des-metis-%c2%9cuvrant-dans-la-lutte-contre-le-cancer-se-reunissent-a-st-johns\/","name":"Des partenaires des Premi\u00e8res Nations, des Inuits et des M\u00e9tis \u0153uvrant dans la lutte contre le cancer se r\u00e9unissent \u00e0\u00a0St. John's - Canadian Partnership Against Cancer","isPartOf":{"@id":"https:\/\/dev.partnershipagainstcancer.ca\/#website"},"datePublished":"2015-10-26T00:00:00+00:00","dateModified":"2019-12-16T17:28:05+00:00","breadcrumb":{"@id":"https:\/\/www.partnershipagainstcancer.ca\/fr\/news-events\/news\/article\/des-partenaires-des-premieres-nations-des-inuits-et-des-metis-%c2%9cuvrant-dans-la-lutte-contre-le-cancer-se-reunissent-a-st-johns\/#breadcrumb"},"inLanguage":"fr-FR","potentialAction":[{"@type":"ReadAction","target":["https:\/\/www.partnershipagainstcancer.ca\/fr\/news-events\/news\/article\/des-partenaires-des-premieres-nations-des-inuits-et-des-metis-%c2%9cuvrant-dans-la-lutte-contre-le-cancer-se-reunissent-a-st-johns\/"]}]},{"@type":"BreadcrumbList","@id":"https:\/\/www.partnershipagainstcancer.ca\/fr\/news-events\/news\/article\/des-partenaires-des-premieres-nations-des-inuits-et-des-metis-%c2%9cuvrant-dans-la-lutte-contre-le-cancer-se-reunissent-a-st-johns\/#breadcrumb","itemListElement":[{"@type":"ListItem","position":1,"name":"News","item":"https:\/\/www.partnershipagainstcancer.ca\/news-events\/news\/article\/"},{"@type":"ListItem","position":2,"name":"Des partenaires des Premi\u00e8res Nations, des Inuits et des M\u00e9tis \u0153uvrant dans la lutte contre le cancer se r\u00e9unissent \u00e0\u00a0St. John&rsquo;s"}]},{"@type":"WebSite","@id":"https:\/\/dev.partnershipagainstcancer.ca\/#website","url":"https:\/\/dev.partnershipagainstcancer.ca\/","name":"Canadian Partnership Against Cancer","description":"","potentialAction":[{"@type":"SearchAction","target":{"@type":"EntryPoint","urlTemplate":"https:\/\/dev.partnershipagainstcancer.ca\/?s={search_term_string}"},"query-input":{"@type":"PropertyValueSpecification","valueRequired":true,"valueName":"search_term_string"}}],"inLanguage":"fr-FR"}]}},"_links":{"self":[{"href":"https:\/\/www.partnershipagainstcancer.ca\/fr\/wp-json\/wp\/v2\/news-events\/33131","targetHints":{"allow":["GET"]}}],"collection":[{"href":"https:\/\/www.partnershipagainstcancer.ca\/fr\/wp-json\/wp\/v2\/news-events"}],"about":[{"href":"https:\/\/www.partnershipagainstcancer.ca\/fr\/wp-json\/wp\/v2\/types\/news-events"}],"author":[{"embeddable":true,"href":"https:\/\/www.partnershipagainstcancer.ca\/fr\/wp-json\/wp\/v2\/users\/2"}],"wp:attachment":[{"href":"https:\/\/www.partnershipagainstcancer.ca\/fr\/wp-json\/wp\/v2\/media?parent=33131"}],"wp:term":[{"taxonomy":"news_events_categories","embeddable":true,"href":"https:\/\/www.partnershipagainstcancer.ca\/fr\/wp-json\/wp\/v2\/news_events_categories?post=33131"}],"curies":[{"name":"wp","href":"https:\/\/api.w.org\/{rel}","templated":true}]}}