{"id":33130,"date":"2015-08-29T00:00:00","date_gmt":"2015-08-29T00:00:00","guid":{"rendered":"https:\/\/www.partnershipagainstcancer.ca\/news\/news_events\/declaration-de-shelly-jamieson-chef-de-la-direction\/"},"modified":"2017-11-20T18:45:18","modified_gmt":"2017-11-20T18:45:18","slug":"declaration-de-shelly-jamieson-chef-de-la-direction","status":"publish","type":"news-events","link":"https:\/\/www.partnershipagainstcancer.ca\/fr\/news-events\/news\/article\/declaration-de-shelly-jamieson-chef-de-la-direction\/","title":{"rendered":"D\u00e9claration de Shelly Jamieson, chef de la direction"},"content":{"rendered":"<p class=\"p1\"><span class=\"s1\">Le cancer nous pr\u00e9occupe tous parce que c\u2019est un imp\u00e9ratif crucial dans le domaine de la sant\u00e9. Le cancer repr\u00e9sente un d\u00e9fi de taille dont aucun organisme \u00e0 lui seul ne peut venir \u00e0 bout. Conjointement avec la communaut\u00e9 canadienne du cancer, le Partenariat canadien contre le cancer permet une approche coordonn\u00e9e visant \u00e0 r\u00e9duire le fardeau de cette maladie pour les Canadiens. Nous tenons \u00e0 remercier le Parti conservateur pour son engagement envers la strat\u00e9gie de contr\u00f4le du cancer et nous appr\u00e9cions tout soutien de m\u00eame nature provenant de tous les partis politiques afin de faire face \u00e0 ce probl\u00e8me de taille pour tous les Canadiens.<\/span><span class=\"s2\">\u00a0<\/span><\/p>\n<p class=\"p1\">Pour obtenir des renseignements suppl\u00e9mentaires, veuillez communiquer avec :<\/p>\n<p>Karen Palmer<br \/>\n(416) 915-9222 poste 5884<br \/>\n(647) 388-9647<\/p>\n","protected":false},"excerpt":{"rendered":"<p>Le cancer nous pr\u00e9occupe tous parce que c\u2019est un imp\u00e9ratif crucial dans le domaine de la sant\u00e9. Le cancer repr\u00e9sente un d\u00e9fi de taille dont aucun organisme \u00e0 lui seul ne peut venir \u00e0 bout. Conjointement avec la communaut\u00e9 canadienne du cancer, le Partenariat canadien contre le cancer permet une approche coordonn\u00e9e visant \u00e0 r\u00e9duire [&hellip;]<\/p>\n","protected":false},"author":2,"featured_media":32873,"menu_order":0,"template":"","news_events_categories":[1028],"class_list":["post-33130","news-events","type-news-events","status-publish","has-post-thumbnail","hentry","news_events_categories-medias"],"acf":[],"yoast_head":"<!-- This site is optimized with the Yoast SEO plugin v27.3 - https:\/\/yoast.com\/product\/yoast-seo-wordpress\/ -->\n<title>Canadian Partnership Against Cancer<\/title>\n<meta name=\"robots\" content=\"index, follow, max-snippet:-1, max-image-preview:large, max-video-preview:-1\" \/>\n<link rel=\"canonical\" href=\"https:\/\/www.partnershipagainstcancer.ca\/fr\/news-events\/news\/article\/declaration-de-shelly-jamieson-chef-de-la-direction\/\" \/>\n<meta property=\"og:locale\" content=\"fr_FR\" \/>\n<meta property=\"og:type\" content=\"article\" \/>\n<meta property=\"og:title\" content=\"D\u00e9claration de Shelly Jamieson, chef de la direction - Canadian Partnership Against Cancer\" \/>\n<meta property=\"og:description\" content=\"Le cancer nous pr\u00e9occupe tous parce que c\u2019est un imp\u00e9ratif crucial dans le domaine de la sant\u00e9. Le cancer repr\u00e9sente un d\u00e9fi de taille dont aucun organisme \u00e0 lui seul ne peut venir \u00e0 bout. Conjointement avec la communaut\u00e9 canadienne du cancer, le Partenariat canadien contre le cancer permet une approche coordonn\u00e9e visant \u00e0 r\u00e9duire [&hellip;]\" \/>\n<meta property=\"og:url\" content=\"https:\/\/www.partnershipagainstcancer.ca\/fr\/news-events\/news\/article\/declaration-de-shelly-jamieson-chef-de-la-direction\/\" \/>\n<meta property=\"og:site_name\" content=\"Canadian Partnership Against Cancer\" \/>\n<meta property=\"article:publisher\" content=\"https:\/\/www.facebook.com\/CanadianPartnershipAgainstCancer\/\" \/>\n<meta property=\"article:modified_time\" content=\"2017-11-20T18:45:18+00:00\" \/>\n<meta property=\"og:image\" content=\"https:\/\/www.partnershipagainstcancer.ca\/wp-content\/uploads\/2017\/09\/Ebulletin_No-Text-01.jpg\" \/>\n\t<meta property=\"og:image:width\" content=\"242\" \/>\n\t<meta property=\"og:image:height\" content=\"150\" \/>\n\t<meta property=\"og:image:type\" content=\"image\/jpeg\" \/>\n<meta name=\"twitter:card\" content=\"summary_large_image\" \/>\n<meta name=\"twitter:site\" content=\"@cancerstratca\" \/>\n<meta name=\"twitter:label1\" content=\"Dur\u00e9e de lecture estim\u00e9e\" \/>\n\t<meta name=\"twitter:data1\" content=\"1 minute\" \/>\n<script type=\"application\/ld+json\" class=\"yoast-schema-graph\">{\"@context\":\"https:\\\/\\\/schema.org\",\"@graph\":[{\"@type\":\"WebPage\",\"@id\":\"https:\\\/\\\/www.partnershipagainstcancer.ca\\\/fr\\\/news-events\\\/news\\\/article\\\/declaration-de-shelly-jamieson-chef-de-la-direction\\\/\",\"url\":\"https:\\\/\\\/www.partnershipagainstcancer.ca\\\/fr\\\/news-events\\\/news\\\/article\\\/declaration-de-shelly-jamieson-chef-de-la-direction\\\/\",\"name\":\"D\u00e9claration de Shelly Jamieson, chef de la direction - Canadian Partnership Against Cancer\",\"isPartOf\":{\"@id\":\"https:\\\/\\\/dev.partnershipagainstcancer.ca\\\/#website\"},\"primaryImageOfPage\":{\"@id\":\"https:\\\/\\\/www.partnershipagainstcancer.ca\\\/fr\\\/news-events\\\/news\\\/article\\\/declaration-de-shelly-jamieson-chef-de-la-direction\\\/#primaryimage\"},\"image\":{\"@id\":\"https:\\\/\\\/www.partnershipagainstcancer.ca\\\/fr\\\/news-events\\\/news\\\/article\\\/declaration-de-shelly-jamieson-chef-de-la-direction\\\/#primaryimage\"},\"thumbnailUrl\":\"https:\\\/\\\/www.partnershipagainstcancer.ca\\\/wp-content\\\/uploads\\\/2017\\\/09\\\/Ebulletin_No-Text-01.jpg\",\"datePublished\":\"2015-08-29T00:00:00+00:00\",\"dateModified\":\"2017-11-20T18:45:18+00:00\",\"breadcrumb\":{\"@id\":\"https:\\\/\\\/www.partnershipagainstcancer.ca\\\/fr\\\/news-events\\\/news\\\/article\\\/declaration-de-shelly-jamieson-chef-de-la-direction\\\/#breadcrumb\"},\"inLanguage\":\"fr-FR\",\"potentialAction\":[{\"@type\":\"ReadAction\",\"target\":[\"https:\\\/\\\/www.partnershipagainstcancer.ca\\\/fr\\\/news-events\\\/news\\\/article\\\/declaration-de-shelly-jamieson-chef-de-la-direction\\\/\"]}]},{\"@type\":\"ImageObject\",\"inLanguage\":\"fr-FR\",\"@id\":\"https:\\\/\\\/www.partnershipagainstcancer.ca\\\/fr\\\/news-events\\\/news\\\/article\\\/declaration-de-shelly-jamieson-chef-de-la-direction\\\/#primaryimage\",\"url\":\"https:\\\/\\\/www.partnershipagainstcancer.ca\\\/wp-content\\\/uploads\\\/2017\\\/09\\\/Ebulletin_No-Text-01.jpg\",\"contentUrl\":\"https:\\\/\\\/www.partnershipagainstcancer.ca\\\/wp-content\\\/uploads\\\/2017\\\/09\\\/Ebulletin_No-Text-01.jpg\",\"width\":242,\"height\":150},{\"@type\":\"BreadcrumbList\",\"@id\":\"https:\\\/\\\/www.partnershipagainstcancer.ca\\\/fr\\\/news-events\\\/news\\\/article\\\/declaration-de-shelly-jamieson-chef-de-la-direction\\\/#breadcrumb\",\"itemListElement\":[{\"@type\":\"ListItem\",\"position\":1,\"name\":\"News\",\"item\":\"https:\\\/\\\/www.partnershipagainstcancer.ca\\\/news-events\\\/news\\\/article\\\/\"},{\"@type\":\"ListItem\",\"position\":2,\"name\":\"D\u00e9claration de Shelly Jamieson, chef de la direction\"}]},{\"@type\":\"WebSite\",\"@id\":\"https:\\\/\\\/dev.partnershipagainstcancer.ca\\\/#website\",\"url\":\"https:\\\/\\\/dev.partnershipagainstcancer.ca\\\/\",\"name\":\"Canadian Partnership Against Cancer\",\"description\":\"\",\"potentialAction\":[{\"@type\":\"SearchAction\",\"target\":{\"@type\":\"EntryPoint\",\"urlTemplate\":\"https:\\\/\\\/dev.partnershipagainstcancer.ca\\\/?s={search_term_string}\"},\"query-input\":{\"@type\":\"PropertyValueSpecification\",\"valueRequired\":true,\"valueName\":\"search_term_string\"}}],\"inLanguage\":\"fr-FR\"}]}<\/script>\n<!-- \/ Yoast SEO plugin. -->","yoast_head_json":{"title":"Canadian Partnership Against Cancer","robots":{"index":"index","follow":"follow","max-snippet":"max-snippet:-1","max-image-preview":"max-image-preview:large","max-video-preview":"max-video-preview:-1"},"canonical":"https:\/\/www.partnershipagainstcancer.ca\/fr\/news-events\/news\/article\/declaration-de-shelly-jamieson-chef-de-la-direction\/","og_locale":"fr_FR","og_type":"article","og_title":"D\u00e9claration de Shelly Jamieson, chef de la direction - Canadian Partnership Against Cancer","og_description":"Le cancer nous pr\u00e9occupe tous parce que c\u2019est un imp\u00e9ratif crucial dans le domaine de la sant\u00e9. Le cancer repr\u00e9sente un d\u00e9fi de taille dont aucun organisme \u00e0 lui seul ne peut venir \u00e0 bout. Conjointement avec la communaut\u00e9 canadienne du cancer, le Partenariat canadien contre le cancer permet une approche coordonn\u00e9e visant \u00e0 r\u00e9duire [&hellip;]","og_url":"https:\/\/www.partnershipagainstcancer.ca\/fr\/news-events\/news\/article\/declaration-de-shelly-jamieson-chef-de-la-direction\/","og_site_name":"Canadian Partnership Against Cancer","article_publisher":"https:\/\/www.facebook.com\/CanadianPartnershipAgainstCancer\/","article_modified_time":"2017-11-20T18:45:18+00:00","og_image":[{"width":242,"height":150,"url":"https:\/\/www.partnershipagainstcancer.ca\/wp-content\/uploads\/2017\/09\/Ebulletin_No-Text-01.jpg","type":"image\/jpeg"}],"twitter_card":"summary_large_image","twitter_site":"@cancerstratca","twitter_misc":{"Dur\u00e9e de lecture estim\u00e9e":"1 minute"},"schema":{"@context":"https:\/\/schema.org","@graph":[{"@type":"WebPage","@id":"https:\/\/www.partnershipagainstcancer.ca\/fr\/news-events\/news\/article\/declaration-de-shelly-jamieson-chef-de-la-direction\/","url":"https:\/\/www.partnershipagainstcancer.ca\/fr\/news-events\/news\/article\/declaration-de-shelly-jamieson-chef-de-la-direction\/","name":"D\u00e9claration de Shelly Jamieson, chef de la direction - Canadian Partnership Against Cancer","isPartOf":{"@id":"https:\/\/dev.partnershipagainstcancer.ca\/#website"},"primaryImageOfPage":{"@id":"https:\/\/www.partnershipagainstcancer.ca\/fr\/news-events\/news\/article\/declaration-de-shelly-jamieson-chef-de-la-direction\/#primaryimage"},"image":{"@id":"https:\/\/www.partnershipagainstcancer.ca\/fr\/news-events\/news\/article\/declaration-de-shelly-jamieson-chef-de-la-direction\/#primaryimage"},"thumbnailUrl":"https:\/\/www.partnershipagainstcancer.ca\/wp-content\/uploads\/2017\/09\/Ebulletin_No-Text-01.jpg","datePublished":"2015-08-29T00:00:00+00:00","dateModified":"2017-11-20T18:45:18+00:00","breadcrumb":{"@id":"https:\/\/www.partnershipagainstcancer.ca\/fr\/news-events\/news\/article\/declaration-de-shelly-jamieson-chef-de-la-direction\/#breadcrumb"},"inLanguage":"fr-FR","potentialAction":[{"@type":"ReadAction","target":["https:\/\/www.partnershipagainstcancer.ca\/fr\/news-events\/news\/article\/declaration-de-shelly-jamieson-chef-de-la-direction\/"]}]},{"@type":"ImageObject","inLanguage":"fr-FR","@id":"https:\/\/www.partnershipagainstcancer.ca\/fr\/news-events\/news\/article\/declaration-de-shelly-jamieson-chef-de-la-direction\/#primaryimage","url":"https:\/\/www.partnershipagainstcancer.ca\/wp-content\/uploads\/2017\/09\/Ebulletin_No-Text-01.jpg","contentUrl":"https:\/\/www.partnershipagainstcancer.ca\/wp-content\/uploads\/2017\/09\/Ebulletin_No-Text-01.jpg","width":242,"height":150},{"@type":"BreadcrumbList","@id":"https:\/\/www.partnershipagainstcancer.ca\/fr\/news-events\/news\/article\/declaration-de-shelly-jamieson-chef-de-la-direction\/#breadcrumb","itemListElement":[{"@type":"ListItem","position":1,"name":"News","item":"https:\/\/www.partnershipagainstcancer.ca\/news-events\/news\/article\/"},{"@type":"ListItem","position":2,"name":"D\u00e9claration de Shelly Jamieson, chef de la direction"}]},{"@type":"WebSite","@id":"https:\/\/dev.partnershipagainstcancer.ca\/#website","url":"https:\/\/dev.partnershipagainstcancer.ca\/","name":"Canadian Partnership Against Cancer","description":"","potentialAction":[{"@type":"SearchAction","target":{"@type":"EntryPoint","urlTemplate":"https:\/\/dev.partnershipagainstcancer.ca\/?s={search_term_string}"},"query-input":{"@type":"PropertyValueSpecification","valueRequired":true,"valueName":"search_term_string"}}],"inLanguage":"fr-FR"}]}},"_links":{"self":[{"href":"https:\/\/www.partnershipagainstcancer.ca\/fr\/wp-json\/wp\/v2\/news-events\/33130","targetHints":{"allow":["GET"]}}],"collection":[{"href":"https:\/\/www.partnershipagainstcancer.ca\/fr\/wp-json\/wp\/v2\/news-events"}],"about":[{"href":"https:\/\/www.partnershipagainstcancer.ca\/fr\/wp-json\/wp\/v2\/types\/news-events"}],"author":[{"embeddable":true,"href":"https:\/\/www.partnershipagainstcancer.ca\/fr\/wp-json\/wp\/v2\/users\/2"}],"wp:featuredmedia":[{"embeddable":true,"href":"https:\/\/www.partnershipagainstcancer.ca\/fr\/wp-json\/wp\/v2\/media\/32873"}],"wp:attachment":[{"href":"https:\/\/www.partnershipagainstcancer.ca\/fr\/wp-json\/wp\/v2\/media?parent=33130"}],"wp:term":[{"taxonomy":"news_events_categories","embeddable":true,"href":"https:\/\/www.partnershipagainstcancer.ca\/fr\/wp-json\/wp\/v2\/news_events_categories?post=33130"}],"curies":[{"name":"wp","href":"https:\/\/api.w.org\/{rel}","templated":true}]}}