{"id":33075,"date":"2013-01-14T00:00:00","date_gmt":"2013-01-14T00:00:00","guid":{"rendered":"https:\/\/www.partnershipagainstcancer.ca\/news\/news_events\/prevention-du-cancer-en-vue-dameliorer-la-sante-des-collectivites-et-des-canadiens\/"},"modified":"2019-11-25T14:54:17","modified_gmt":"2019-11-25T19:54:17","slug":"prevention-du-cancer-en-vue-dameliorer-la-sante-des-collectivites-et-des-canadiens","status":"publish","type":"news-events","link":"https:\/\/www.partnershipagainstcancer.ca\/fr\/news-events\/news\/article\/prevention-du-cancer-en-vue-dameliorer-la-sante-des-collectivites-et-des-canadiens\/","title":{"rendered":"Pr\u00e9vention du cancer en vue d&rsquo;am\u00e9liorer la sant\u00e9 des collectivit\u00e9s et des Canadiens"},"content":{"rendered":"<figure id=\"attachment_9757\" aria-describedby=\"caption-attachment-9757\" style=\"width: 300px\" class=\"wp-caption alignleft\"><img loading=\"lazy\" decoding=\"async\" class=\"size-full wp-image-9757\" style=\"margin-top: 10px;\" title=\"Des \u00e9l\u00e8ves d\u0092une \u00e9cole des Territoires du Nord-Ouest participent \u00e0\u00a0 une activit\u00e9 du programme Sip Smart (Sois fut\u00e9, bois sant\u00e9), composante de l\u0092initiative intitul\u00e9e Programme d\u0092action coop\u00e9rative contre l\u0092ob\u00e9sit\u00e9 chez les enfants de COALITION1.\" src=\"https:\/\/www.partnershipagainstcancer.ca\/wp-content\/uploads\/2013\/01\/CLASP1.jpg\" alt=\"Des \u00e9l\u00e8ves d\u0092une \u00e9cole des Territoires du Nord-Ouest participent \u00e0\u00a0 une activit\u00e9 du programme Sip Smart (Sois fut\u00e9, bois sant\u00e9), composante de l\u0092initiative intitul\u00e9e Programme d\u0092action coop\u00e9rative contre l\u0092ob\u00e9sit\u00e9 chez les enfants de COALITION1.\" width=\"300\" height=\"188\" \/><figcaption id=\"caption-attachment-9757\" class=\"wp-caption-text\">Des \u00e9l\u00e8ves d\u0092une \u00e9cole des Territoires du Nord-Ouest participent \u00e0 une activit\u00e9 du programme Sip Smart (Sois fut\u00e9, bois sant\u00e9), composante de l\u0092initiative intitul\u00e9e Programme d\u0092action coop\u00e9rative contre l\u0092ob\u00e9sit\u00e9 chez les enfants de COALITION1.<\/figcaption><\/figure>\n<p>Apr\u00e8s une premi\u00e8re phase fructueuse et le renouvellement subs\u00e9quent de trois projets COALITION d\u00e9j\u00e0 en cours dans l\u2019ensemble du pays, les responsables de l\u2019initiative\u00a0Connaissances et action li\u00e9es pour une meilleure pr\u00e9vention (COALITION)\u00a0du Partenariat canadien contre le cancer cherchent \u00e0 appuyer de nouveaux projets de pr\u00e9vention et de d\u00e9tection pr\u00e9coce qui s\u2019attaquent \u00e0 des facteurs de risque communs du cancer et d\u2019autres maladies chroniques. Les demandes de participation au cycle de financement triennal de COALITION2 seront accept\u00e9es jusqu\u2019au 21 mars 2013.<\/p>\n<p>L\u2019initiative COALITION appuie les mod\u00e8les de partenariat pancanadiens dans les secteurs de la recherche, de la pratique et des politiques qui mettent en \u0153uvre des initiatives de sant\u00e9 de la population fond\u00e9es sur des donn\u00e9es probantes. Ax\u00e9 sur la prise de mesures plurigouvernementales (dans au moins deux provinces ou territoires), le programme soutient des m\u00e9thodes de pr\u00e9vention et de d\u00e9tection pr\u00e9coce dont l\u2019efficacit\u00e9 a \u00e9t\u00e9 prouv\u00e9e, et aide \u00e0 en \u00e9largir la port\u00e9e, \u00e0 approfondir l\u2019effet du travail s\u2019y rattachant et \u00e0 transmettre les connaissances qui en r\u00e9sultent \u00e0 des partenaires \u0153uvrant dans d\u2019autres provinces et territoires. En maximisant et en acc\u00e9l\u00e9rant l\u2019adoption de projets de pr\u00e9vention du cancer et des maladies chroniques fond\u00e9s sur des donn\u00e9es probantes qui pr\u00e9voient, entre autres, un d\u00e9pistage ciblant des segments particuliers de la population, l\u2019initiative COALITION contribue \u00e0 l\u2019adoption de mode de vie sains et \u00e0 l\u2019am\u00e9lioration de la sant\u00e9 des collectivit\u00e9s.<\/p>\n<p>L\u2019exp\u00e9rience acquise lors du premier cycle de financement lanc\u00e9 en 2009 a \u00e9t\u00e9 utile afin d\u2019\u00e9clairer l\u2019\u00e9laboration des param\u00e8tres pour les propositions de l\u2019initiative COALITION2. \u00ab\u00a0Nous insistons sur la n\u00e9cessit\u00e9, pour les responsables de projets, de d\u00e9terminer d\u2019embl\u00e9e de quelle fa\u00e7on ils pr\u00e9voient d\u00e9montrer et mesurer l\u2019impact et la durabilit\u00e9\u00a0\u00bb, explique Deb Keen, directrice, Pr\u00e9vention et Recherche, au Partenariat canadien contre le cancer.<\/p>\n<p>Les propositions recevables seront \u00e9tudi\u00e9es par un comit\u00e9 de s\u00e9lection externe qui sera form\u00e9 d\u2019experts du Canada et qui pourrait \u00e9galement inclure des experts de la communaut\u00e9 internationale. En plus d\u2019\u00e9valuer le potentiel d\u2019impact des projets sur la r\u00e9duction du fardeau, pour les Canadiens, du cancer et des maladies chroniques qui ont des facteurs de risque communs, et des strat\u00e9gies de maintien de cet impact, le comit\u00e9 de s\u00e9lection \u00e9valuera les plans de transfert et de diffusion des connaissances en vue d\u2019\u00e9largir la port\u00e9e des efforts. D\u2019autres facteurs, tels que la concentration des efforts sur les collectivit\u00e9s et les populations dans lesquelles le cancer constitue un fardeau excessif, notamment celles des milieux ruraux et des r\u00e9gions \u00e9loign\u00e9es, quoique non obligatoires, entreront \u00e9galement en jeu dans l\u2019\u00e9valuation.<\/p>\n<p>Pour obtenir de plus amples renseignements sur le processus de demande de financement dans le cadre de l\u2019initiative COALITION2 et conna\u00eetre les dates importantes jusqu\u2019au 21 mars 2013, date limite de pr\u00e9sentation des propositions, veuillez consulter la section sur les appels d\u2019offres ouverts \u00e0 partir de la page Approvisionnement.<\/p>\n<p>&nbsp;<\/p>\n","protected":false},"excerpt":{"rendered":"<p>Apr\u00e8s une premi\u00e8re phase fructueuse et le renouvellement subs\u00e9quent de trois projets COALITION d\u00e9j\u00e0 en cours dans l\u2019ensemble du pays, les responsables de l\u2019initiative\u00a0Connaissances et action li\u00e9es pour une meilleure pr\u00e9vention (COALITION)\u00a0du Partenariat canadien contre le cancer cherchent \u00e0 appuyer de nouveaux projets de pr\u00e9vention et de d\u00e9tection pr\u00e9coce qui s\u2019attaquent \u00e0 des facteurs de [&hellip;]<\/p>\n","protected":false},"author":2,"featured_media":0,"menu_order":0,"template":"","news_events_categories":[1029],"class_list":["post-33075","news-events","type-news-events","status-publish","hentry","news_events_categories-nouvelles"],"acf":[],"yoast_head":"<!-- This site is optimized with the Yoast SEO plugin v27.3 - https:\/\/yoast.com\/product\/yoast-seo-wordpress\/ -->\n<title>Canadian Partnership Against Cancer<\/title>\n<meta name=\"robots\" content=\"index, follow, max-snippet:-1, max-image-preview:large, max-video-preview:-1\" \/>\n<link rel=\"canonical\" href=\"https:\/\/www.partnershipagainstcancer.ca\/fr\/news-events\/news\/article\/prevention-du-cancer-en-vue-dameliorer-la-sante-des-collectivites-et-des-canadiens\/\" \/>\n<meta property=\"og:locale\" content=\"fr_FR\" \/>\n<meta property=\"og:type\" content=\"article\" \/>\n<meta property=\"og:title\" content=\"Pr\u00e9vention du cancer en vue d&#039;am\u00e9liorer la sant\u00e9 des collectivit\u00e9s et des Canadiens - Canadian Partnership Against Cancer\" \/>\n<meta property=\"og:description\" content=\"Apr\u00e8s une premi\u00e8re phase fructueuse et le renouvellement subs\u00e9quent de trois projets COALITION d\u00e9j\u00e0 en cours dans l\u2019ensemble du pays, les responsables de l\u2019initiative\u00a0Connaissances et action li\u00e9es pour une meilleure pr\u00e9vention (COALITION)\u00a0du Partenariat canadien contre le cancer cherchent \u00e0 appuyer de nouveaux projets de pr\u00e9vention et de d\u00e9tection pr\u00e9coce qui s\u2019attaquent \u00e0 des facteurs de [&hellip;]\" \/>\n<meta property=\"og:url\" content=\"https:\/\/www.partnershipagainstcancer.ca\/fr\/news-events\/news\/article\/prevention-du-cancer-en-vue-dameliorer-la-sante-des-collectivites-et-des-canadiens\/\" \/>\n<meta property=\"og:site_name\" content=\"Canadian Partnership Against Cancer\" \/>\n<meta property=\"article:publisher\" content=\"https:\/\/www.facebook.com\/CanadianPartnershipAgainstCancer\/\" \/>\n<meta property=\"article:modified_time\" content=\"2019-11-25T19:54:17+00:00\" \/>\n<meta property=\"og:image\" content=\"https:\/\/www.partnershipagainstcancer.ca\/wp-content\/uploads\/2013\/01\/CLASP1.jpg\" \/>\n<meta name=\"twitter:card\" content=\"summary_large_image\" \/>\n<meta name=\"twitter:site\" content=\"@cancerstratca\" \/>\n<meta name=\"twitter:label1\" content=\"Dur\u00e9e de lecture estim\u00e9e\" \/>\n\t<meta name=\"twitter:data1\" content=\"3 minutes\" \/>\n<script type=\"application\/ld+json\" class=\"yoast-schema-graph\">{\"@context\":\"https:\\\/\\\/schema.org\",\"@graph\":[{\"@type\":\"WebPage\",\"@id\":\"https:\\\/\\\/www.partnershipagainstcancer.ca\\\/fr\\\/news-events\\\/news\\\/article\\\/prevention-du-cancer-en-vue-dameliorer-la-sante-des-collectivites-et-des-canadiens\\\/\",\"url\":\"https:\\\/\\\/www.partnershipagainstcancer.ca\\\/fr\\\/news-events\\\/news\\\/article\\\/prevention-du-cancer-en-vue-dameliorer-la-sante-des-collectivites-et-des-canadiens\\\/\",\"name\":\"Pr\u00e9vention du cancer en vue d'am\u00e9liorer la sant\u00e9 des collectivit\u00e9s et des Canadiens - Canadian Partnership Against Cancer\",\"isPartOf\":{\"@id\":\"https:\\\/\\\/dev.partnershipagainstcancer.ca\\\/#website\"},\"primaryImageOfPage\":{\"@id\":\"https:\\\/\\\/www.partnershipagainstcancer.ca\\\/fr\\\/news-events\\\/news\\\/article\\\/prevention-du-cancer-en-vue-dameliorer-la-sante-des-collectivites-et-des-canadiens\\\/#primaryimage\"},\"image\":{\"@id\":\"https:\\\/\\\/www.partnershipagainstcancer.ca\\\/fr\\\/news-events\\\/news\\\/article\\\/prevention-du-cancer-en-vue-dameliorer-la-sante-des-collectivites-et-des-canadiens\\\/#primaryimage\"},\"thumbnailUrl\":\"https:\\\/\\\/www.partnershipagainstcancer.ca\\\/wp-content\\\/uploads\\\/2013\\\/01\\\/CLASP1.jpg\",\"datePublished\":\"2013-01-14T00:00:00+00:00\",\"dateModified\":\"2019-11-25T19:54:17+00:00\",\"breadcrumb\":{\"@id\":\"https:\\\/\\\/www.partnershipagainstcancer.ca\\\/fr\\\/news-events\\\/news\\\/article\\\/prevention-du-cancer-en-vue-dameliorer-la-sante-des-collectivites-et-des-canadiens\\\/#breadcrumb\"},\"inLanguage\":\"fr-FR\",\"potentialAction\":[{\"@type\":\"ReadAction\",\"target\":[\"https:\\\/\\\/www.partnershipagainstcancer.ca\\\/fr\\\/news-events\\\/news\\\/article\\\/prevention-du-cancer-en-vue-dameliorer-la-sante-des-collectivites-et-des-canadiens\\\/\"]}]},{\"@type\":\"ImageObject\",\"inLanguage\":\"fr-FR\",\"@id\":\"https:\\\/\\\/www.partnershipagainstcancer.ca\\\/fr\\\/news-events\\\/news\\\/article\\\/prevention-du-cancer-en-vue-dameliorer-la-sante-des-collectivites-et-des-canadiens\\\/#primaryimage\",\"url\":\"https:\\\/\\\/www.partnershipagainstcancer.ca\\\/wp-content\\\/uploads\\\/2013\\\/01\\\/CLASP1.jpg\",\"contentUrl\":\"https:\\\/\\\/www.partnershipagainstcancer.ca\\\/wp-content\\\/uploads\\\/2013\\\/01\\\/CLASP1.jpg\"},{\"@type\":\"BreadcrumbList\",\"@id\":\"https:\\\/\\\/www.partnershipagainstcancer.ca\\\/fr\\\/news-events\\\/news\\\/article\\\/prevention-du-cancer-en-vue-dameliorer-la-sante-des-collectivites-et-des-canadiens\\\/#breadcrumb\",\"itemListElement\":[{\"@type\":\"ListItem\",\"position\":1,\"name\":\"News\",\"item\":\"https:\\\/\\\/www.partnershipagainstcancer.ca\\\/news-events\\\/news\\\/article\\\/\"},{\"@type\":\"ListItem\",\"position\":2,\"name\":\"Pr\u00e9vention du cancer en vue d&rsquo;am\u00e9liorer la sant\u00e9 des collectivit\u00e9s et des Canadiens\"}]},{\"@type\":\"WebSite\",\"@id\":\"https:\\\/\\\/dev.partnershipagainstcancer.ca\\\/#website\",\"url\":\"https:\\\/\\\/dev.partnershipagainstcancer.ca\\\/\",\"name\":\"Canadian Partnership Against Cancer\",\"description\":\"\",\"potentialAction\":[{\"@type\":\"SearchAction\",\"target\":{\"@type\":\"EntryPoint\",\"urlTemplate\":\"https:\\\/\\\/dev.partnershipagainstcancer.ca\\\/?s={search_term_string}\"},\"query-input\":{\"@type\":\"PropertyValueSpecification\",\"valueRequired\":true,\"valueName\":\"search_term_string\"}}],\"inLanguage\":\"fr-FR\"}]}<\/script>\n<!-- \/ Yoast SEO plugin. -->","yoast_head_json":{"title":"Canadian Partnership Against Cancer","robots":{"index":"index","follow":"follow","max-snippet":"max-snippet:-1","max-image-preview":"max-image-preview:large","max-video-preview":"max-video-preview:-1"},"canonical":"https:\/\/www.partnershipagainstcancer.ca\/fr\/news-events\/news\/article\/prevention-du-cancer-en-vue-dameliorer-la-sante-des-collectivites-et-des-canadiens\/","og_locale":"fr_FR","og_type":"article","og_title":"Pr\u00e9vention du cancer en vue d'am\u00e9liorer la sant\u00e9 des collectivit\u00e9s et des Canadiens - Canadian Partnership Against Cancer","og_description":"Apr\u00e8s une premi\u00e8re phase fructueuse et le renouvellement subs\u00e9quent de trois projets COALITION d\u00e9j\u00e0 en cours dans l\u2019ensemble du pays, les responsables de l\u2019initiative\u00a0Connaissances et action li\u00e9es pour une meilleure pr\u00e9vention (COALITION)\u00a0du Partenariat canadien contre le cancer cherchent \u00e0 appuyer de nouveaux projets de pr\u00e9vention et de d\u00e9tection pr\u00e9coce qui s\u2019attaquent \u00e0 des facteurs de [&hellip;]","og_url":"https:\/\/www.partnershipagainstcancer.ca\/fr\/news-events\/news\/article\/prevention-du-cancer-en-vue-dameliorer-la-sante-des-collectivites-et-des-canadiens\/","og_site_name":"Canadian Partnership Against Cancer","article_publisher":"https:\/\/www.facebook.com\/CanadianPartnershipAgainstCancer\/","article_modified_time":"2019-11-25T19:54:17+00:00","og_image":[{"url":"https:\/\/www.partnershipagainstcancer.ca\/wp-content\/uploads\/2013\/01\/CLASP1.jpg","type":"","width":"","height":""}],"twitter_card":"summary_large_image","twitter_site":"@cancerstratca","twitter_misc":{"Dur\u00e9e de lecture estim\u00e9e":"3 minutes"},"schema":{"@context":"https:\/\/schema.org","@graph":[{"@type":"WebPage","@id":"https:\/\/www.partnershipagainstcancer.ca\/fr\/news-events\/news\/article\/prevention-du-cancer-en-vue-dameliorer-la-sante-des-collectivites-et-des-canadiens\/","url":"https:\/\/www.partnershipagainstcancer.ca\/fr\/news-events\/news\/article\/prevention-du-cancer-en-vue-dameliorer-la-sante-des-collectivites-et-des-canadiens\/","name":"Pr\u00e9vention du cancer en vue d'am\u00e9liorer la sant\u00e9 des collectivit\u00e9s et des Canadiens - Canadian Partnership Against Cancer","isPartOf":{"@id":"https:\/\/dev.partnershipagainstcancer.ca\/#website"},"primaryImageOfPage":{"@id":"https:\/\/www.partnershipagainstcancer.ca\/fr\/news-events\/news\/article\/prevention-du-cancer-en-vue-dameliorer-la-sante-des-collectivites-et-des-canadiens\/#primaryimage"},"image":{"@id":"https:\/\/www.partnershipagainstcancer.ca\/fr\/news-events\/news\/article\/prevention-du-cancer-en-vue-dameliorer-la-sante-des-collectivites-et-des-canadiens\/#primaryimage"},"thumbnailUrl":"https:\/\/www.partnershipagainstcancer.ca\/wp-content\/uploads\/2013\/01\/CLASP1.jpg","datePublished":"2013-01-14T00:00:00+00:00","dateModified":"2019-11-25T19:54:17+00:00","breadcrumb":{"@id":"https:\/\/www.partnershipagainstcancer.ca\/fr\/news-events\/news\/article\/prevention-du-cancer-en-vue-dameliorer-la-sante-des-collectivites-et-des-canadiens\/#breadcrumb"},"inLanguage":"fr-FR","potentialAction":[{"@type":"ReadAction","target":["https:\/\/www.partnershipagainstcancer.ca\/fr\/news-events\/news\/article\/prevention-du-cancer-en-vue-dameliorer-la-sante-des-collectivites-et-des-canadiens\/"]}]},{"@type":"ImageObject","inLanguage":"fr-FR","@id":"https:\/\/www.partnershipagainstcancer.ca\/fr\/news-events\/news\/article\/prevention-du-cancer-en-vue-dameliorer-la-sante-des-collectivites-et-des-canadiens\/#primaryimage","url":"https:\/\/www.partnershipagainstcancer.ca\/wp-content\/uploads\/2013\/01\/CLASP1.jpg","contentUrl":"https:\/\/www.partnershipagainstcancer.ca\/wp-content\/uploads\/2013\/01\/CLASP1.jpg"},{"@type":"BreadcrumbList","@id":"https:\/\/www.partnershipagainstcancer.ca\/fr\/news-events\/news\/article\/prevention-du-cancer-en-vue-dameliorer-la-sante-des-collectivites-et-des-canadiens\/#breadcrumb","itemListElement":[{"@type":"ListItem","position":1,"name":"News","item":"https:\/\/www.partnershipagainstcancer.ca\/news-events\/news\/article\/"},{"@type":"ListItem","position":2,"name":"Pr\u00e9vention du cancer en vue d&rsquo;am\u00e9liorer la sant\u00e9 des collectivit\u00e9s et des Canadiens"}]},{"@type":"WebSite","@id":"https:\/\/dev.partnershipagainstcancer.ca\/#website","url":"https:\/\/dev.partnershipagainstcancer.ca\/","name":"Canadian Partnership Against Cancer","description":"","potentialAction":[{"@type":"SearchAction","target":{"@type":"EntryPoint","urlTemplate":"https:\/\/dev.partnershipagainstcancer.ca\/?s={search_term_string}"},"query-input":{"@type":"PropertyValueSpecification","valueRequired":true,"valueName":"search_term_string"}}],"inLanguage":"fr-FR"}]}},"_links":{"self":[{"href":"https:\/\/www.partnershipagainstcancer.ca\/fr\/wp-json\/wp\/v2\/news-events\/33075","targetHints":{"allow":["GET"]}}],"collection":[{"href":"https:\/\/www.partnershipagainstcancer.ca\/fr\/wp-json\/wp\/v2\/news-events"}],"about":[{"href":"https:\/\/www.partnershipagainstcancer.ca\/fr\/wp-json\/wp\/v2\/types\/news-events"}],"author":[{"embeddable":true,"href":"https:\/\/www.partnershipagainstcancer.ca\/fr\/wp-json\/wp\/v2\/users\/2"}],"wp:attachment":[{"href":"https:\/\/www.partnershipagainstcancer.ca\/fr\/wp-json\/wp\/v2\/media?parent=33075"}],"wp:term":[{"taxonomy":"news_events_categories","embeddable":true,"href":"https:\/\/www.partnershipagainstcancer.ca\/fr\/wp-json\/wp\/v2\/news_events_categories?post=33075"}],"curies":[{"name":"wp","href":"https:\/\/api.w.org\/{rel}","templated":true}]}}