{"id":33060,"date":"2012-05-29T00:00:00","date_gmt":"2012-05-29T00:00:00","guid":{"rendered":"https:\/\/www.partnershipagainstcancer.ca\/news\/news_events\/congres-mondial-sur-le-cancer-2012-du-27-au-30-aout\/"},"modified":"2017-11-22T16:47:14","modified_gmt":"2017-11-22T16:47:14","slug":"congres-mondial-sur-le-cancer-2012-du-27-au-30-aout","status":"publish","type":"news-events","link":"https:\/\/www.partnershipagainstcancer.ca\/fr\/news-events\/news\/article\/congres-mondial-sur-le-cancer-2012-du-27-au-30-aout\/","title":{"rendered":"Congr\u00e8s mondial sur le cancer 2012 : du 27 au 30 ao\u00fbt"},"content":{"rendered":"<p><img loading=\"lazy\" decoding=\"async\" class=\"alignleft wp-image-7293 size-full\" style=\"margin-top: 10px;\" title=\"UICC logo\" src=\"https:\/\/www.partnershipagainstcancer.ca\/wp-content\/uploads\/2012\/05\/congresslogo_web.jpg\" alt=\"UICC logo\" width=\"150\" height=\"150\" \/><\/p>\n<p>Lorsque les dirigeants internationaux de la lutte contre le cancer se r\u00e9uniront \u00e0 l\u2019occasion du\u00a0<a href=\"http:\/\/www.worldcancercongress.org\/\" target=\"_blank\" rel=\"noopener\">Congr\u00e8s mondial sur le cancer de l\u2019UICC<\/a>\u00a0\u00e0 Montr\u00e9al cet \u00e9t\u00e9, les importantes contributions du Canada \u00e0 tous les aspects de la lutte contre le cancer seront mises en vedette.<\/p>\n<p>Des intervenants en provenance de toutes les r\u00e9gions du pays, notamment des repr\u00e9sentants du Partenariat canadien contre le cancer, d\u2019organismes f\u00e9d\u00e9raux tels que l\u2019Agence de la sant\u00e9 publique du Canada, d\u2019organismes provinciaux de lutte contre le cancer, des chercheurs, des groupes d\u2019aide aux patients et des groupes d\u2019intervention, figureront parmi les participants vedettes au congr\u00e8s. Ils se joindront ainsi \u00e0 des participants venant de l\u2019Australie, du Br\u00e9sil, de la Chine, de l\u2019Inde, du Japon, de la Jordanie, de la Russie, du Royaume-Uni, des \u00c9tats-Unis et de nombreux autres pays pour d\u00e9battre du th\u00e8me du congr\u00e8s\u00a0: Connexions pour un impact mondial.<\/p>\n<p>\u00ab\u00a0Le congr\u00e8s repr\u00e9sente une occasion inestimable de transfert du savoir, et la contribution du Canada \u00e0 ce dialogue sera de taille\u00a0\u00bb, affirme la D<sup>re\u00a0<\/sup>Heather Bryant, vice-pr\u00e9sidente de Lutte contre le cancer du Partenariat et copr\u00e9sidente du comit\u00e9 sur les programmes scientifiques avec le\u00a0<a href=\"http:\/\/www.worldcancercongress.org\/prof-david-hill\" target=\"_blank\" rel=\"noopener\">D<sup>r<\/sup>\u00a0David Hill<\/a>, de l\u2019Australie. \u00ab\u00a0La possibilit\u00e9 pour la communaut\u00e9 canadienne de la lutte contre le cancer de tirer parti des approches r\u00e9ussies et des \u00e9l\u00e9ments probants recueillis \u00e0 l\u2019\u00e9chelle internationale est d\u2019une importance vitale. Le cancer est un probl\u00e8me mondial. Par cons\u00e9quent, la recherche de solutions aux retomb\u00e9es mesurables doit \u00eatre \u00e9galement d\u2019envergure mondiale.\u00a0\u00bb<\/p>\n<p>Le congr\u00e8s, qui est tenu tous les deux ans, comprend des s\u00e9ances pl\u00e9ni\u00e8res avec des conf\u00e9renciers d\u2019honneur venant du monde entier, des expos\u00e9s portant sur les quatre domaines de contenu, \u00e0 savoir\u00a0<a href=\"http:\/\/www.worldcancercongress.org\/programme\/session-list-2\/track-1\" target=\"_blank\" rel=\"noopener\">la pr\u00e9vention et la d\u00e9tection pr\u00e9coce<\/a>,\u00a0<a href=\"http:\/\/www.worldcancercongress.org\/programme\/session-list-2\/track-2\" target=\"_blank\" rel=\"noopener\">les soins li\u00e9s au cancer et la survie<\/a>,\u00a0<a href=\"http:\/\/www.worldcancercongress.org\/programme\/session-list-2\/track-3\" target=\"_blank\" rel=\"noopener\">les soins palliatifs et la ma\u00eetrise de la douleur<\/a>, et\u00a0<a href=\"http:\/\/www.worldcancercongress.org\/programme\/session-list-2\/track-4\" target=\"_blank\" rel=\"noopener\">les syst\u00e8mes de lutte contre le cancer<\/a>, de m\u00eame qu\u2019un forum de r\u00e9seautage \u00e0 l\u2019exemple d\u2019un \u00ab\u00a0village mondial\u00a0\u00bb.<\/p>\n<p>\u00ab\u00a0Le degr\u00e9 de comp\u00e9tence des conf\u00e9renciers est exceptionnel, souligne la D<sup>re<\/sup>\u00a0Bryant. Nous avons un impressionnant groupe d\u2019experts de tous les domaines du continuum de la lutte contre le cancer qui nous font part de leurs connaissances, de donn\u00e9es probantes et des meilleures pratiques.\u00a0\u00bb<\/p>\n<h2>Parmi les Canadiens qui orienteront les discussions lors du congr\u00e8s, notons\u00a0ceux\u2011ci<\/h2>\n<h3>D<sup>r<\/sup>\u00a0Evan Adams,\u00a0sp\u00e9cialiste de la sant\u00e9 des Autochtones<\/h3>\n<p>Le D<sup>r<\/sup>\u00a0Adams est directeur de la division de la sant\u00e9 des peuples autochtones de la facult\u00e9 de m\u00e9decine de l\u2019Universit\u00e9 de la Colombie\u2011Britannique, ainsi que m\u00e9decin-conseiller dans le domaine de la sant\u00e9 des Autochtones pour le minist\u00e8re des Services de sant\u00e9 de la Colombie\u2011Britannique et pour le Conseil de la sant\u00e9 des Premi\u00e8res Nations de la Colombie-Britannique.<\/p>\n<h3>D<sup>re<\/sup>\u00a0Elizabeth Eisenhauer, chef de file dans le domaine de la recherche sur le cancer<\/h3>\n<p>La D<sup>re\u00a0<\/sup>Eisenhauer est directrice du programme d\u2019enqu\u00eate sur les nouveaux m\u00e9dicaments du groupe des essais cliniques de l\u2019Institut national du cancer du Canada, pr\u00e9sidente du groupe consultatif sur la recherche du Partenariat canadien contre le cancer et copr\u00e9sidente de l\u2019Alliance canadienne pour la recherche sur le cancer.<\/p>\n<h3><a href=\"http:\/\/www.worldcancercongress.org\/dr-eduardo-franco\" target=\"_blank\" rel=\"noopener\">D<sup>r<\/sup>\u00a0Eduardo Franco<\/a>, \u00e9pid\u00e9miologiste du cancer<\/h3>\n<p>Le D<sup>r<\/sup>\u00a0Franco est professeur r\u00e9cipiendaire du prix James McGill des d\u00e9partements d\u2019oncologie et d\u2019\u00e9pid\u00e9miologie de l\u2019Universit\u00e9 McGill, \u00e0 Montr\u00e9al, ainsi que directeur de la division d\u2019\u00e9pid\u00e9miologie du cancer et pr\u00e9sident int\u00e9rimaire du d\u00e9partement d\u2019oncologie de l\u2019universit\u00e9.<\/p>\n<h3>D<sup>r<\/sup>\u00a0Michel G\u00e9linas, radio-oncologue<\/h3>\n<p>Le D<sup>r<\/sup>\u00a0G\u00e9linas est pr\u00e9sident et cofondateur de la Fondation qu\u00e9b\u00e9coise du cancer.<\/p>\n<h2>Parmi les conf\u00e9renciers internationaux qui interviendront durant les s\u00e9ances pl\u00e9ni\u00e8res, notons\u00a0:<\/h2>\n<h3><a href=\"http:\/\/www.worldcancercongress.org\/sir-george-alleyne\" target=\"_blank\" rel=\"noopener\">Sir George Alleyne<\/a>, expert international en sant\u00e9 publique<\/h3>\n<p>Le D<sup>r<\/sup>\u00a0Alleyne est directeur \u00e9m\u00e9rite de l\u2019Organisation panam\u00e9ricaine de la Sant\u00e9 et professeur auxiliaire \u00e0 l\u2019\u00e9cole de sant\u00e9 publique Bloomberg de l\u2019Universit\u00e9 Johns Hopkins.<\/p>\n<h3><a href=\"http:\/\/www.worldcancercongress.org\/dr-elizabeth-blackburn\" target=\"_blank\" rel=\"noopener\">D<sup>re<\/sup>\u00a0Elizabeth Blackburn<\/a>, r\u00e9cipiendaire du prix Nobel et chercheuse dans le domaine de l\u2019ADN<\/h3>\n<p>La D<sup>re<\/sup>\u00a0Blackburn est actuellement titulaire de la chaire dot\u00e9e de biologie et de physiologie Morris Herzstein au d\u00e9partement de biochimie et de biophysique de l\u2019Universit\u00e9 de Californie \u00e0 San Francisco.<\/p>\n<h3><a href=\"http:\/\/www.worldcancercongress.org\/graham-colditz-md-drph\" target=\"_blank\" rel=\"noopener\">D<sup>r<\/sup>\u00a0Graham Colditz<\/a>, chef de file dans la pr\u00e9vention du cancer<\/h3>\n<p>Le D<sup>r\u00a0<\/sup>Colditz est codirecteur de l\u2019unit\u00e9 de pr\u00e9vention du cancer et de lutte contre le cancer du centre de canc\u00e9rologie Siteman, ainsi que professeur Niess-Gain de chirurgie, professeur de m\u00e9decine et chef de la division des sciences de la sant\u00e9 publique de l\u2019Universit\u00e9 Washington \u00e0 St. Louis, dans le Missouri.<\/p>\n<h3>D<sup>r\u00a0<\/sup>John Seffrin, chef de file dans l\u2019organisation d\u2019\u00e9v\u00e9nements de d\u00e9fense des int\u00e9r\u00eats<\/h3>\n<p>Le D<sup>r<\/sup>\u00a0Seffrin est pr\u00e9sident-directeur g\u00e9n\u00e9ral de l\u2019American Cancer Society et ancien pr\u00e9sident de l\u2019Union internationale contre le cancer (UICC).<\/p>\n<p>Pour en savoir plus sur le programme du congr\u00e8s, cliquez\u00a0<a href=\"http:\/\/www.worldcancercongress.org\/\" target=\"_blank\" rel=\"noopener\">ici<\/a>. Pour vous inscrire, allez \u00e0 la\u00a0<a href=\"http:\/\/www.worldcancercongress.org\/registration\" target=\"_blank\" rel=\"noopener\">section d\u2019inscription<\/a>\u00a0du site Web du Congr\u00e8s mondial sur le cancer (ce site est en anglais seulement).<\/p>\n","protected":false},"excerpt":{"rendered":"<p>Lorsque les dirigeants internationaux de la lutte contre le cancer se r\u00e9uniront \u00e0 l\u2019occasion du\u00a0Congr\u00e8s mondial sur le cancer de l\u2019UICC\u00a0\u00e0 Montr\u00e9al cet \u00e9t\u00e9, les importantes contributions du Canada \u00e0 tous les aspects de la lutte contre le cancer seront mises en vedette. Des intervenants en provenance de toutes les r\u00e9gions du pays, notamment des [&hellip;]<\/p>\n","protected":false},"author":2,"featured_media":32798,"menu_order":0,"template":"","news_events_categories":[1029],"class_list":["post-33060","news-events","type-news-events","status-publish","has-post-thumbnail","hentry","news_events_categories-nouvelles"],"acf":[],"yoast_head":"<!-- This site is optimized with the Yoast SEO plugin v27.3 - https:\/\/yoast.com\/product\/yoast-seo-wordpress\/ -->\n<title>Canadian Partnership Against Cancer<\/title>\n<meta name=\"robots\" content=\"index, follow, max-snippet:-1, max-image-preview:large, max-video-preview:-1\" \/>\n<link rel=\"canonical\" href=\"https:\/\/www.partnershipagainstcancer.ca\/fr\/news-events\/news\/article\/congres-mondial-sur-le-cancer-2012-du-27-au-30-aout\/\" \/>\n<meta property=\"og:locale\" content=\"fr_FR\" \/>\n<meta property=\"og:type\" content=\"article\" \/>\n<meta property=\"og:title\" content=\"Congr\u00e8s mondial sur le cancer 2012 : du 27 au 30 ao\u00fbt - Canadian Partnership Against Cancer\" \/>\n<meta property=\"og:description\" content=\"Lorsque les dirigeants internationaux de la lutte contre le cancer se r\u00e9uniront \u00e0 l\u2019occasion du\u00a0Congr\u00e8s mondial sur le cancer de l\u2019UICC\u00a0\u00e0 Montr\u00e9al cet \u00e9t\u00e9, les importantes contributions du Canada \u00e0 tous les aspects de la lutte contre le cancer seront mises en vedette. Des intervenants en provenance de toutes les r\u00e9gions du pays, notamment des [&hellip;]\" \/>\n<meta property=\"og:url\" content=\"https:\/\/www.partnershipagainstcancer.ca\/fr\/news-events\/news\/article\/congres-mondial-sur-le-cancer-2012-du-27-au-30-aout\/\" \/>\n<meta property=\"og:site_name\" content=\"Canadian Partnership Against Cancer\" \/>\n<meta property=\"article:publisher\" content=\"https:\/\/www.facebook.com\/CanadianPartnershipAgainstCancer\/\" \/>\n<meta property=\"article:modified_time\" content=\"2017-11-22T16:47:14+00:00\" \/>\n<meta property=\"og:image\" content=\"https:\/\/www.partnershipagainstcancer.ca\/wp-content\/uploads\/2017\/09\/congresslogo_web.jpg\" \/>\n\t<meta property=\"og:image:width\" content=\"150\" \/>\n\t<meta property=\"og:image:height\" content=\"150\" \/>\n\t<meta property=\"og:image:type\" content=\"image\/jpeg\" \/>\n<meta name=\"twitter:card\" content=\"summary_large_image\" \/>\n<meta name=\"twitter:site\" content=\"@cancerstratca\" \/>\n<meta name=\"twitter:label1\" content=\"Dur\u00e9e de lecture estim\u00e9e\" \/>\n\t<meta name=\"twitter:data1\" content=\"4 minutes\" \/>\n<script type=\"application\/ld+json\" class=\"yoast-schema-graph\">{\"@context\":\"https:\\\/\\\/schema.org\",\"@graph\":[{\"@type\":\"WebPage\",\"@id\":\"https:\\\/\\\/www.partnershipagainstcancer.ca\\\/fr\\\/news-events\\\/news\\\/article\\\/congres-mondial-sur-le-cancer-2012-du-27-au-30-aout\\\/\",\"url\":\"https:\\\/\\\/www.partnershipagainstcancer.ca\\\/fr\\\/news-events\\\/news\\\/article\\\/congres-mondial-sur-le-cancer-2012-du-27-au-30-aout\\\/\",\"name\":\"Congr\u00e8s mondial sur le cancer 2012 : du 27 au 30 ao\u00fbt - Canadian Partnership Against Cancer\",\"isPartOf\":{\"@id\":\"https:\\\/\\\/dev.partnershipagainstcancer.ca\\\/#website\"},\"primaryImageOfPage\":{\"@id\":\"https:\\\/\\\/www.partnershipagainstcancer.ca\\\/fr\\\/news-events\\\/news\\\/article\\\/congres-mondial-sur-le-cancer-2012-du-27-au-30-aout\\\/#primaryimage\"},\"image\":{\"@id\":\"https:\\\/\\\/www.partnershipagainstcancer.ca\\\/fr\\\/news-events\\\/news\\\/article\\\/congres-mondial-sur-le-cancer-2012-du-27-au-30-aout\\\/#primaryimage\"},\"thumbnailUrl\":\"https:\\\/\\\/www.partnershipagainstcancer.ca\\\/wp-content\\\/uploads\\\/2017\\\/09\\\/congresslogo_web.jpg\",\"datePublished\":\"2012-05-29T00:00:00+00:00\",\"dateModified\":\"2017-11-22T16:47:14+00:00\",\"breadcrumb\":{\"@id\":\"https:\\\/\\\/www.partnershipagainstcancer.ca\\\/fr\\\/news-events\\\/news\\\/article\\\/congres-mondial-sur-le-cancer-2012-du-27-au-30-aout\\\/#breadcrumb\"},\"inLanguage\":\"fr-FR\",\"potentialAction\":[{\"@type\":\"ReadAction\",\"target\":[\"https:\\\/\\\/www.partnershipagainstcancer.ca\\\/fr\\\/news-events\\\/news\\\/article\\\/congres-mondial-sur-le-cancer-2012-du-27-au-30-aout\\\/\"]}]},{\"@type\":\"ImageObject\",\"inLanguage\":\"fr-FR\",\"@id\":\"https:\\\/\\\/www.partnershipagainstcancer.ca\\\/fr\\\/news-events\\\/news\\\/article\\\/congres-mondial-sur-le-cancer-2012-du-27-au-30-aout\\\/#primaryimage\",\"url\":\"https:\\\/\\\/www.partnershipagainstcancer.ca\\\/wp-content\\\/uploads\\\/2017\\\/09\\\/congresslogo_web.jpg\",\"contentUrl\":\"https:\\\/\\\/www.partnershipagainstcancer.ca\\\/wp-content\\\/uploads\\\/2017\\\/09\\\/congresslogo_web.jpg\",\"width\":150,\"height\":150,\"caption\":\"UICC global cancer control: World Cancer Congress (logo)\"},{\"@type\":\"BreadcrumbList\",\"@id\":\"https:\\\/\\\/www.partnershipagainstcancer.ca\\\/fr\\\/news-events\\\/news\\\/article\\\/congres-mondial-sur-le-cancer-2012-du-27-au-30-aout\\\/#breadcrumb\",\"itemListElement\":[{\"@type\":\"ListItem\",\"position\":1,\"name\":\"News\",\"item\":\"https:\\\/\\\/www.partnershipagainstcancer.ca\\\/news-events\\\/news\\\/article\\\/\"},{\"@type\":\"ListItem\",\"position\":2,\"name\":\"Congr\u00e8s mondial sur le cancer 2012 : du 27 au 30 ao\u00fbt\"}]},{\"@type\":\"WebSite\",\"@id\":\"https:\\\/\\\/dev.partnershipagainstcancer.ca\\\/#website\",\"url\":\"https:\\\/\\\/dev.partnershipagainstcancer.ca\\\/\",\"name\":\"Canadian Partnership Against Cancer\",\"description\":\"\",\"potentialAction\":[{\"@type\":\"SearchAction\",\"target\":{\"@type\":\"EntryPoint\",\"urlTemplate\":\"https:\\\/\\\/dev.partnershipagainstcancer.ca\\\/?s={search_term_string}\"},\"query-input\":{\"@type\":\"PropertyValueSpecification\",\"valueRequired\":true,\"valueName\":\"search_term_string\"}}],\"inLanguage\":\"fr-FR\"}]}<\/script>\n<!-- \/ Yoast SEO plugin. -->","yoast_head_json":{"title":"Canadian Partnership Against Cancer","robots":{"index":"index","follow":"follow","max-snippet":"max-snippet:-1","max-image-preview":"max-image-preview:large","max-video-preview":"max-video-preview:-1"},"canonical":"https:\/\/www.partnershipagainstcancer.ca\/fr\/news-events\/news\/article\/congres-mondial-sur-le-cancer-2012-du-27-au-30-aout\/","og_locale":"fr_FR","og_type":"article","og_title":"Congr\u00e8s mondial sur le cancer 2012 : du 27 au 30 ao\u00fbt - Canadian Partnership Against Cancer","og_description":"Lorsque les dirigeants internationaux de la lutte contre le cancer se r\u00e9uniront \u00e0 l\u2019occasion du\u00a0Congr\u00e8s mondial sur le cancer de l\u2019UICC\u00a0\u00e0 Montr\u00e9al cet \u00e9t\u00e9, les importantes contributions du Canada \u00e0 tous les aspects de la lutte contre le cancer seront mises en vedette. Des intervenants en provenance de toutes les r\u00e9gions du pays, notamment des [&hellip;]","og_url":"https:\/\/www.partnershipagainstcancer.ca\/fr\/news-events\/news\/article\/congres-mondial-sur-le-cancer-2012-du-27-au-30-aout\/","og_site_name":"Canadian Partnership Against Cancer","article_publisher":"https:\/\/www.facebook.com\/CanadianPartnershipAgainstCancer\/","article_modified_time":"2017-11-22T16:47:14+00:00","og_image":[{"width":150,"height":150,"url":"https:\/\/www.partnershipagainstcancer.ca\/wp-content\/uploads\/2017\/09\/congresslogo_web.jpg","type":"image\/jpeg"}],"twitter_card":"summary_large_image","twitter_site":"@cancerstratca","twitter_misc":{"Dur\u00e9e de lecture estim\u00e9e":"4 minutes"},"schema":{"@context":"https:\/\/schema.org","@graph":[{"@type":"WebPage","@id":"https:\/\/www.partnershipagainstcancer.ca\/fr\/news-events\/news\/article\/congres-mondial-sur-le-cancer-2012-du-27-au-30-aout\/","url":"https:\/\/www.partnershipagainstcancer.ca\/fr\/news-events\/news\/article\/congres-mondial-sur-le-cancer-2012-du-27-au-30-aout\/","name":"Congr\u00e8s mondial sur le cancer 2012 : du 27 au 30 ao\u00fbt - Canadian Partnership Against Cancer","isPartOf":{"@id":"https:\/\/dev.partnershipagainstcancer.ca\/#website"},"primaryImageOfPage":{"@id":"https:\/\/www.partnershipagainstcancer.ca\/fr\/news-events\/news\/article\/congres-mondial-sur-le-cancer-2012-du-27-au-30-aout\/#primaryimage"},"image":{"@id":"https:\/\/www.partnershipagainstcancer.ca\/fr\/news-events\/news\/article\/congres-mondial-sur-le-cancer-2012-du-27-au-30-aout\/#primaryimage"},"thumbnailUrl":"https:\/\/www.partnershipagainstcancer.ca\/wp-content\/uploads\/2017\/09\/congresslogo_web.jpg","datePublished":"2012-05-29T00:00:00+00:00","dateModified":"2017-11-22T16:47:14+00:00","breadcrumb":{"@id":"https:\/\/www.partnershipagainstcancer.ca\/fr\/news-events\/news\/article\/congres-mondial-sur-le-cancer-2012-du-27-au-30-aout\/#breadcrumb"},"inLanguage":"fr-FR","potentialAction":[{"@type":"ReadAction","target":["https:\/\/www.partnershipagainstcancer.ca\/fr\/news-events\/news\/article\/congres-mondial-sur-le-cancer-2012-du-27-au-30-aout\/"]}]},{"@type":"ImageObject","inLanguage":"fr-FR","@id":"https:\/\/www.partnershipagainstcancer.ca\/fr\/news-events\/news\/article\/congres-mondial-sur-le-cancer-2012-du-27-au-30-aout\/#primaryimage","url":"https:\/\/www.partnershipagainstcancer.ca\/wp-content\/uploads\/2017\/09\/congresslogo_web.jpg","contentUrl":"https:\/\/www.partnershipagainstcancer.ca\/wp-content\/uploads\/2017\/09\/congresslogo_web.jpg","width":150,"height":150,"caption":"UICC global cancer control: World Cancer Congress (logo)"},{"@type":"BreadcrumbList","@id":"https:\/\/www.partnershipagainstcancer.ca\/fr\/news-events\/news\/article\/congres-mondial-sur-le-cancer-2012-du-27-au-30-aout\/#breadcrumb","itemListElement":[{"@type":"ListItem","position":1,"name":"News","item":"https:\/\/www.partnershipagainstcancer.ca\/news-events\/news\/article\/"},{"@type":"ListItem","position":2,"name":"Congr\u00e8s mondial sur le cancer 2012 : du 27 au 30 ao\u00fbt"}]},{"@type":"WebSite","@id":"https:\/\/dev.partnershipagainstcancer.ca\/#website","url":"https:\/\/dev.partnershipagainstcancer.ca\/","name":"Canadian Partnership Against Cancer","description":"","potentialAction":[{"@type":"SearchAction","target":{"@type":"EntryPoint","urlTemplate":"https:\/\/dev.partnershipagainstcancer.ca\/?s={search_term_string}"},"query-input":{"@type":"PropertyValueSpecification","valueRequired":true,"valueName":"search_term_string"}}],"inLanguage":"fr-FR"}]}},"_links":{"self":[{"href":"https:\/\/www.partnershipagainstcancer.ca\/fr\/wp-json\/wp\/v2\/news-events\/33060","targetHints":{"allow":["GET"]}}],"collection":[{"href":"https:\/\/www.partnershipagainstcancer.ca\/fr\/wp-json\/wp\/v2\/news-events"}],"about":[{"href":"https:\/\/www.partnershipagainstcancer.ca\/fr\/wp-json\/wp\/v2\/types\/news-events"}],"author":[{"embeddable":true,"href":"https:\/\/www.partnershipagainstcancer.ca\/fr\/wp-json\/wp\/v2\/users\/2"}],"wp:featuredmedia":[{"embeddable":true,"href":"https:\/\/www.partnershipagainstcancer.ca\/fr\/wp-json\/wp\/v2\/media\/32798"}],"wp:attachment":[{"href":"https:\/\/www.partnershipagainstcancer.ca\/fr\/wp-json\/wp\/v2\/media?parent=33060"}],"wp:term":[{"taxonomy":"news_events_categories","embeddable":true,"href":"https:\/\/www.partnershipagainstcancer.ca\/fr\/wp-json\/wp\/v2\/news_events_categories?post=33060"}],"curies":[{"name":"wp","href":"https:\/\/api.w.org\/{rel}","templated":true}]}}