{"id":33057,"date":"2012-05-16T00:00:00","date_gmt":"2012-05-16T00:00:00","guid":{"rendered":"https:\/\/www.partnershipagainstcancer.ca\/news\/news_events\/le-partenariat-canadien-contre-le-cancer-annonce-une-nouvelle-presidente-directrice-generale\/"},"modified":"2017-10-30T18:43:13","modified_gmt":"2017-10-30T18:43:13","slug":"le-partenariat-canadien-contre-le-cancer-annonce-une-nouvelle-presidente-directrice-generale","status":"publish","type":"news-events","link":"https:\/\/www.partnershipagainstcancer.ca\/fr\/news-events\/news\/article\/le-partenariat-canadien-contre-le-cancer-annonce-une-nouvelle-presidente-directrice-generale\/","title":{"rendered":"Le Partenariat canadien contre le cancer annonce une nouvelle pr\u00e9sidente-directrice g\u00e9n\u00e9rale"},"content":{"rendered":"<p><img loading=\"lazy\" decoding=\"async\" class=\"alignleft wp-image-7184 size-full\" style=\"margin-top: 10px;\" title=\"Shelly Jamieson\" src=\"https:\/\/www.partnershipagainstcancer.ca\/wp-content\/uploads\/2012\/05\/CEO_web2.jpg\" alt=\"Shelly Jamieson\" width=\"115\" height=\"147\" \/><\/p>\n<p>Le conseil d\u2019administration du Partenariat canadien contre le cancer a le plaisir d\u2019annoncer la nomination de Shelly Jamieson en tant que pr\u00e9sidente-directrice g\u00e9n\u00e9rale, \u00e0 compter du 3\u00a0juillet\u00a02012.<\/p>\n<p>\u00ab\u00a0La nomination de M<sup>me<\/sup>\u00a0Jamieson vient \u00e0 un moment fascinant pour le milieu de la lutte contre le cancer au Canada. En travaillant ensemble au cours de ces cinq derni\u00e8res ann\u00e9es, nous avons fait \u00e9norm\u00e9ment progresser la strat\u00e9gie de lutte contre le cancer du Canada, en nous servant de la\u00a0Strat\u00e9gie canadienne de lutte contre le cancer\u00a0comme mod\u00e8le pour nos efforts communs et en nous concentrant sur les priorit\u00e9s et les initiatives susceptibles d\u2019avoir les plus grandes r\u00e9percussions.\u00a0\u00bb, a d\u00e9clar\u00e9 le D<sup>r<\/sup>\u00a0Simon Sutcliffe, pr\u00e9sident du conseil d\u2019administration du Partenariat. \u00ab\u00a0La publication r\u00e9cente du plan strat\u00e9gique et du plan d\u2019affaires 2012-2017 du Partenariat, avec la nouvelle direction de l\u2019organisme annonc\u00e9e aujourd\u2019hui, repose sur les r\u00e9alisations obtenues lors du premier mandat et amorce la prochaine phase de la strat\u00e9gie de lutte contre le cancer du Canada.\u00a0\u00bb<\/p>\n<p>Au r\u00f4le de pr\u00e9sidente-directrice g\u00e9n\u00e9rale du Partenariat, M<sup>me<\/sup>\u00a0Jamieson apporte une solide exp\u00e9rience de la direction dans les secteurs public et priv\u00e9, principalement dans le domaine des soins de sant\u00e9. R\u00e9cemment, elle a tenu le r\u00f4le de plus haut fonctionnaire de l\u2019Ontario, en tant que secr\u00e9taire du Conseil des ministres, chef de la fonction publique de l\u2019Ontario et greffi\u00e8re du Conseil ex\u00e9cutif. Elle a \u00e9galement \u00e9t\u00e9 Sous-ministre aux Transports pour la province de l\u2019Ontario. Auparavant, M<sup>me<\/sup>\u00a0Jamieson a occup\u00e9 les postes de vice-pr\u00e9sidente aux op\u00e9rations puis pr\u00e9sidente de Extendicare Canada, un fournisseur de soins de longue dur\u00e9e; commissaire b\u00e9n\u00e9vole \u00e0 la Commission de restructuration des services de sant\u00e9; directrice g\u00e9n\u00e9rale de l\u2019Ontario Nursing Home Association (maintenant appel\u00e9e Ontario Long-Term Care Association). Dans toutes ces fonctions, M<sup>me<\/sup>\u00a0Jamieson a fait preuve d\u2019un engagement envers l\u2019importance de partenariats efficaces pour obtenir des r\u00e9sultats significatifs.<\/p>\n<p>\u00ab\u00a0L\u2019exp\u00e9rience de M<sup>me<\/sup>\u00a0Jamieson dans les secteurs public et priv\u00e9 et son engagement envers les partenariats et les r\u00e9sultats nous sera d\u2019une grande utilit\u00e9 alors que nous tirons parti des r\u00e9alisations obtenues \u00e0 ce jour\u00a0\u00bb, a d\u00e9clar\u00e9 Chris Clark, prochain pr\u00e9sident du conseil d\u2019administration du Partenariat canadien contre le cancer et pr\u00e9sident du comit\u00e9 de recherche du pr\u00e9sident-directeur g\u00e9n\u00e9ral. \u00ab\u00a0Nous sommes impatients de poursuivre notre travail avec nos partenaires afin de faire progresser la strat\u00e9gie de lutte contre le cancer du Canada et de r\u00e9duire le fardeau du cancer pour la population canadienne.\u00a0\u00bb<\/p>\n","protected":false},"excerpt":{"rendered":"<p>Le conseil d\u2019administration du Partenariat canadien contre le cancer a le plaisir d\u2019annoncer la nomination de Shelly Jamieson en tant que pr\u00e9sidente-directrice g\u00e9n\u00e9rale, \u00e0 compter du 3\u00a0juillet\u00a02012. \u00ab\u00a0La nomination de Mme\u00a0Jamieson vient \u00e0 un moment fascinant pour le milieu de la lutte contre le cancer au Canada. En travaillant ensemble au cours de ces cinq [&hellip;]<\/p>\n","protected":false},"author":2,"featured_media":51024,"menu_order":0,"template":"","news_events_categories":[1029],"class_list":["post-33057","news-events","type-news-events","status-publish","has-post-thumbnail","hentry","news_events_categories-nouvelles"],"acf":[],"yoast_head":"<!-- This site is optimized with the Yoast SEO plugin v27.3 - https:\/\/yoast.com\/product\/yoast-seo-wordpress\/ -->\n<title>Canadian Partnership Against Cancer<\/title>\n<meta name=\"robots\" content=\"index, follow, max-snippet:-1, max-image-preview:large, max-video-preview:-1\" \/>\n<link rel=\"canonical\" href=\"https:\/\/www.partnershipagainstcancer.ca\/fr\/news-events\/news\/article\/le-partenariat-canadien-contre-le-cancer-annonce-une-nouvelle-presidente-directrice-generale\/\" \/>\n<meta property=\"og:locale\" content=\"fr_FR\" \/>\n<meta property=\"og:type\" content=\"article\" \/>\n<meta property=\"og:title\" content=\"Le Partenariat canadien contre le cancer annonce une nouvelle pr\u00e9sidente-directrice g\u00e9n\u00e9rale - Canadian Partnership Against Cancer\" \/>\n<meta property=\"og:description\" content=\"Le conseil d\u2019administration du Partenariat canadien contre le cancer a le plaisir d\u2019annoncer la nomination de Shelly Jamieson en tant que pr\u00e9sidente-directrice g\u00e9n\u00e9rale, \u00e0 compter du 3\u00a0juillet\u00a02012. \u00ab\u00a0La nomination de Mme\u00a0Jamieson vient \u00e0 un moment fascinant pour le milieu de la lutte contre le cancer au Canada. En travaillant ensemble au cours de ces cinq [&hellip;]\" \/>\n<meta property=\"og:url\" content=\"https:\/\/www.partnershipagainstcancer.ca\/fr\/news-events\/news\/article\/le-partenariat-canadien-contre-le-cancer-annonce-une-nouvelle-presidente-directrice-generale\/\" \/>\n<meta property=\"og:site_name\" content=\"Canadian Partnership Against Cancer\" \/>\n<meta property=\"article:publisher\" content=\"https:\/\/www.facebook.com\/CanadianPartnershipAgainstCancer\/\" \/>\n<meta property=\"article:modified_time\" content=\"2017-10-30T18:43:13+00:00\" \/>\n<meta property=\"og:image\" content=\"https:\/\/www.partnershipagainstcancer.ca\/wp-content\/uploads\/2021\/06\/Craig-Earle-news.png\" \/>\n\t<meta property=\"og:image:width\" content=\"1030\" \/>\n\t<meta property=\"og:image:height\" content=\"720\" \/>\n\t<meta property=\"og:image:type\" content=\"image\/png\" \/>\n<meta name=\"twitter:card\" content=\"summary_large_image\" \/>\n<meta name=\"twitter:site\" content=\"@cancerstratca\" \/>\n<meta name=\"twitter:label1\" content=\"Dur\u00e9e de lecture estim\u00e9e\" \/>\n\t<meta name=\"twitter:data1\" content=\"2 minutes\" \/>\n<script type=\"application\/ld+json\" class=\"yoast-schema-graph\">{\"@context\":\"https:\\\/\\\/schema.org\",\"@graph\":[{\"@type\":\"WebPage\",\"@id\":\"https:\\\/\\\/www.partnershipagainstcancer.ca\\\/fr\\\/news-events\\\/news\\\/article\\\/le-partenariat-canadien-contre-le-cancer-annonce-une-nouvelle-presidente-directrice-generale\\\/\",\"url\":\"https:\\\/\\\/www.partnershipagainstcancer.ca\\\/fr\\\/news-events\\\/news\\\/article\\\/le-partenariat-canadien-contre-le-cancer-annonce-une-nouvelle-presidente-directrice-generale\\\/\",\"name\":\"Le Partenariat canadien contre le cancer annonce une nouvelle pr\u00e9sidente-directrice g\u00e9n\u00e9rale - Canadian Partnership Against Cancer\",\"isPartOf\":{\"@id\":\"https:\\\/\\\/dev.partnershipagainstcancer.ca\\\/#website\"},\"primaryImageOfPage\":{\"@id\":\"https:\\\/\\\/www.partnershipagainstcancer.ca\\\/fr\\\/news-events\\\/news\\\/article\\\/le-partenariat-canadien-contre-le-cancer-annonce-une-nouvelle-presidente-directrice-generale\\\/#primaryimage\"},\"image\":{\"@id\":\"https:\\\/\\\/www.partnershipagainstcancer.ca\\\/fr\\\/news-events\\\/news\\\/article\\\/le-partenariat-canadien-contre-le-cancer-annonce-une-nouvelle-presidente-directrice-generale\\\/#primaryimage\"},\"thumbnailUrl\":\"https:\\\/\\\/www.partnershipagainstcancer.ca\\\/wp-content\\\/uploads\\\/2021\\\/06\\\/Craig-Earle-news.png\",\"datePublished\":\"2012-05-16T00:00:00+00:00\",\"dateModified\":\"2017-10-30T18:43:13+00:00\",\"breadcrumb\":{\"@id\":\"https:\\\/\\\/www.partnershipagainstcancer.ca\\\/fr\\\/news-events\\\/news\\\/article\\\/le-partenariat-canadien-contre-le-cancer-annonce-une-nouvelle-presidente-directrice-generale\\\/#breadcrumb\"},\"inLanguage\":\"fr-FR\",\"potentialAction\":[{\"@type\":\"ReadAction\",\"target\":[\"https:\\\/\\\/www.partnershipagainstcancer.ca\\\/fr\\\/news-events\\\/news\\\/article\\\/le-partenariat-canadien-contre-le-cancer-annonce-une-nouvelle-presidente-directrice-generale\\\/\"]}]},{\"@type\":\"ImageObject\",\"inLanguage\":\"fr-FR\",\"@id\":\"https:\\\/\\\/www.partnershipagainstcancer.ca\\\/fr\\\/news-events\\\/news\\\/article\\\/le-partenariat-canadien-contre-le-cancer-annonce-une-nouvelle-presidente-directrice-generale\\\/#primaryimage\",\"url\":\"https:\\\/\\\/www.partnershipagainstcancer.ca\\\/wp-content\\\/uploads\\\/2021\\\/06\\\/Craig-Earle-news.png\",\"contentUrl\":\"https:\\\/\\\/www.partnershipagainstcancer.ca\\\/wp-content\\\/uploads\\\/2021\\\/06\\\/Craig-Earle-news.png\",\"width\":1030,\"height\":720},{\"@type\":\"BreadcrumbList\",\"@id\":\"https:\\\/\\\/www.partnershipagainstcancer.ca\\\/fr\\\/news-events\\\/news\\\/article\\\/le-partenariat-canadien-contre-le-cancer-annonce-une-nouvelle-presidente-directrice-generale\\\/#breadcrumb\",\"itemListElement\":[{\"@type\":\"ListItem\",\"position\":1,\"name\":\"News\",\"item\":\"https:\\\/\\\/www.partnershipagainstcancer.ca\\\/news-events\\\/news\\\/article\\\/\"},{\"@type\":\"ListItem\",\"position\":2,\"name\":\"Le Partenariat canadien contre le cancer annonce une nouvelle pr\u00e9sidente-directrice g\u00e9n\u00e9rale\"}]},{\"@type\":\"WebSite\",\"@id\":\"https:\\\/\\\/dev.partnershipagainstcancer.ca\\\/#website\",\"url\":\"https:\\\/\\\/dev.partnershipagainstcancer.ca\\\/\",\"name\":\"Canadian Partnership Against Cancer\",\"description\":\"\",\"potentialAction\":[{\"@type\":\"SearchAction\",\"target\":{\"@type\":\"EntryPoint\",\"urlTemplate\":\"https:\\\/\\\/dev.partnershipagainstcancer.ca\\\/?s={search_term_string}\"},\"query-input\":{\"@type\":\"PropertyValueSpecification\",\"valueRequired\":true,\"valueName\":\"search_term_string\"}}],\"inLanguage\":\"fr-FR\"}]}<\/script>\n<!-- \/ Yoast SEO plugin. -->","yoast_head_json":{"title":"Canadian Partnership Against Cancer","robots":{"index":"index","follow":"follow","max-snippet":"max-snippet:-1","max-image-preview":"max-image-preview:large","max-video-preview":"max-video-preview:-1"},"canonical":"https:\/\/www.partnershipagainstcancer.ca\/fr\/news-events\/news\/article\/le-partenariat-canadien-contre-le-cancer-annonce-une-nouvelle-presidente-directrice-generale\/","og_locale":"fr_FR","og_type":"article","og_title":"Le Partenariat canadien contre le cancer annonce une nouvelle pr\u00e9sidente-directrice g\u00e9n\u00e9rale - Canadian Partnership Against Cancer","og_description":"Le conseil d\u2019administration du Partenariat canadien contre le cancer a le plaisir d\u2019annoncer la nomination de Shelly Jamieson en tant que pr\u00e9sidente-directrice g\u00e9n\u00e9rale, \u00e0 compter du 3\u00a0juillet\u00a02012. \u00ab\u00a0La nomination de Mme\u00a0Jamieson vient \u00e0 un moment fascinant pour le milieu de la lutte contre le cancer au Canada. En travaillant ensemble au cours de ces cinq [&hellip;]","og_url":"https:\/\/www.partnershipagainstcancer.ca\/fr\/news-events\/news\/article\/le-partenariat-canadien-contre-le-cancer-annonce-une-nouvelle-presidente-directrice-generale\/","og_site_name":"Canadian Partnership Against Cancer","article_publisher":"https:\/\/www.facebook.com\/CanadianPartnershipAgainstCancer\/","article_modified_time":"2017-10-30T18:43:13+00:00","og_image":[{"width":1030,"height":720,"url":"https:\/\/www.partnershipagainstcancer.ca\/wp-content\/uploads\/2021\/06\/Craig-Earle-news.png","type":"image\/png"}],"twitter_card":"summary_large_image","twitter_site":"@cancerstratca","twitter_misc":{"Dur\u00e9e de lecture estim\u00e9e":"2 minutes"},"schema":{"@context":"https:\/\/schema.org","@graph":[{"@type":"WebPage","@id":"https:\/\/www.partnershipagainstcancer.ca\/fr\/news-events\/news\/article\/le-partenariat-canadien-contre-le-cancer-annonce-une-nouvelle-presidente-directrice-generale\/","url":"https:\/\/www.partnershipagainstcancer.ca\/fr\/news-events\/news\/article\/le-partenariat-canadien-contre-le-cancer-annonce-une-nouvelle-presidente-directrice-generale\/","name":"Le Partenariat canadien contre le cancer annonce une nouvelle pr\u00e9sidente-directrice g\u00e9n\u00e9rale - Canadian Partnership Against Cancer","isPartOf":{"@id":"https:\/\/dev.partnershipagainstcancer.ca\/#website"},"primaryImageOfPage":{"@id":"https:\/\/www.partnershipagainstcancer.ca\/fr\/news-events\/news\/article\/le-partenariat-canadien-contre-le-cancer-annonce-une-nouvelle-presidente-directrice-generale\/#primaryimage"},"image":{"@id":"https:\/\/www.partnershipagainstcancer.ca\/fr\/news-events\/news\/article\/le-partenariat-canadien-contre-le-cancer-annonce-une-nouvelle-presidente-directrice-generale\/#primaryimage"},"thumbnailUrl":"https:\/\/www.partnershipagainstcancer.ca\/wp-content\/uploads\/2021\/06\/Craig-Earle-news.png","datePublished":"2012-05-16T00:00:00+00:00","dateModified":"2017-10-30T18:43:13+00:00","breadcrumb":{"@id":"https:\/\/www.partnershipagainstcancer.ca\/fr\/news-events\/news\/article\/le-partenariat-canadien-contre-le-cancer-annonce-une-nouvelle-presidente-directrice-generale\/#breadcrumb"},"inLanguage":"fr-FR","potentialAction":[{"@type":"ReadAction","target":["https:\/\/www.partnershipagainstcancer.ca\/fr\/news-events\/news\/article\/le-partenariat-canadien-contre-le-cancer-annonce-une-nouvelle-presidente-directrice-generale\/"]}]},{"@type":"ImageObject","inLanguage":"fr-FR","@id":"https:\/\/www.partnershipagainstcancer.ca\/fr\/news-events\/news\/article\/le-partenariat-canadien-contre-le-cancer-annonce-une-nouvelle-presidente-directrice-generale\/#primaryimage","url":"https:\/\/www.partnershipagainstcancer.ca\/wp-content\/uploads\/2021\/06\/Craig-Earle-news.png","contentUrl":"https:\/\/www.partnershipagainstcancer.ca\/wp-content\/uploads\/2021\/06\/Craig-Earle-news.png","width":1030,"height":720},{"@type":"BreadcrumbList","@id":"https:\/\/www.partnershipagainstcancer.ca\/fr\/news-events\/news\/article\/le-partenariat-canadien-contre-le-cancer-annonce-une-nouvelle-presidente-directrice-generale\/#breadcrumb","itemListElement":[{"@type":"ListItem","position":1,"name":"News","item":"https:\/\/www.partnershipagainstcancer.ca\/news-events\/news\/article\/"},{"@type":"ListItem","position":2,"name":"Le Partenariat canadien contre le cancer annonce une nouvelle pr\u00e9sidente-directrice g\u00e9n\u00e9rale"}]},{"@type":"WebSite","@id":"https:\/\/dev.partnershipagainstcancer.ca\/#website","url":"https:\/\/dev.partnershipagainstcancer.ca\/","name":"Canadian Partnership Against Cancer","description":"","potentialAction":[{"@type":"SearchAction","target":{"@type":"EntryPoint","urlTemplate":"https:\/\/dev.partnershipagainstcancer.ca\/?s={search_term_string}"},"query-input":{"@type":"PropertyValueSpecification","valueRequired":true,"valueName":"search_term_string"}}],"inLanguage":"fr-FR"}]}},"_links":{"self":[{"href":"https:\/\/www.partnershipagainstcancer.ca\/fr\/wp-json\/wp\/v2\/news-events\/33057","targetHints":{"allow":["GET"]}}],"collection":[{"href":"https:\/\/www.partnershipagainstcancer.ca\/fr\/wp-json\/wp\/v2\/news-events"}],"about":[{"href":"https:\/\/www.partnershipagainstcancer.ca\/fr\/wp-json\/wp\/v2\/types\/news-events"}],"author":[{"embeddable":true,"href":"https:\/\/www.partnershipagainstcancer.ca\/fr\/wp-json\/wp\/v2\/users\/2"}],"wp:featuredmedia":[{"embeddable":true,"href":"https:\/\/www.partnershipagainstcancer.ca\/fr\/wp-json\/wp\/v2\/media\/51024"}],"wp:attachment":[{"href":"https:\/\/www.partnershipagainstcancer.ca\/fr\/wp-json\/wp\/v2\/media?parent=33057"}],"wp:term":[{"taxonomy":"news_events_categories","embeddable":true,"href":"https:\/\/www.partnershipagainstcancer.ca\/fr\/wp-json\/wp\/v2\/news_events_categories?post=33057"}],"curies":[{"name":"wp","href":"https:\/\/api.w.org\/{rel}","templated":true}]}}