{"id":33029,"date":"2011-09-26T00:00:00","date_gmt":"2011-09-26T00:00:00","guid":{"rendered":"https:\/\/www.partnershipagainstcancer.ca\/news\/news_events\/luicc-se-rejouit-de-la-declaration-politique-concernant-la-prevention-et-la-maitrise-des-maladies-non-transmissibles\/"},"modified":"2017-10-04T20:08:48","modified_gmt":"2017-10-04T20:08:48","slug":"luicc-se-rejouit-de-la-declaration-politique-concernant-la-prevention-et-la-maitrise-des-maladies-non-transmissibles","status":"publish","type":"news-events","link":"https:\/\/www.partnershipagainstcancer.ca\/fr\/news-events\/news\/article\/luicc-se-rejouit-de-la-declaration-politique-concernant-la-prevention-et-la-maitrise-des-maladies-non-transmissibles\/","title":{"rendered":"L&rsquo;UICC se r\u00e9jouit de la d\u00e9claration politique concernant la pr\u00e9vention et la ma\u00eetrise des maladies non transmissibles"},"content":{"rendered":"<p><img loading=\"lazy\" decoding=\"async\" class=\"alignleft wp-image-4282 size-full\" style=\"margin-top: 10px;\" title=\"Logo de Nations Unies\" src=\"https:\/\/www.partnershipagainstcancer.ca\/wp-content\/uploads\/2011\/09\/UNlogo-e1317218967801.jpg\" alt=\"Logo de Nations Unies\" width=\"150\" height=\"150\" \/><\/p>\n<p>Une s\u00e9ance pl\u00e9ni\u00e8re de l\u2019<a href=\"http:\/\/www.un.org\/fr\/ga\/president\/65\/issues\/ncdiseases.shtml\" target=\"_blank\" rel=\"noopener\">Assembl\u00e9e g\u00e9n\u00e9rale des Nations Unies<\/a>\u00a0qui s\u2019est tenue r\u00e9cemment \u00e0 New York portait sur le th\u00e8me de la pr\u00e9vention et de la ma\u00eetrise des maladies non transmissibles. Plus de 30\u00a0chefs d\u2019\u00c9tats, de ministres de la sant\u00e9 et de personnes charg\u00e9es d\u2019\u00e9laborer\u00a0des politiques se sont r\u00e9unis pour discuter des d\u00e9fis et des r\u00e9percussions \u00e9conomiques et sociales associ\u00e9s \u00e0 la pr\u00e9vention et \u00e0 la ma\u00eetrise des maladies non transmissibles, particuli\u00e8rement dans les pays en d\u00e9veloppement. Cette session a men\u00e9 \u00e0 l\u2019adoption d\u2019une d\u00e9claration politique concernant les maladies non transmissibles \u2013 cette d\u00e9claration n\u2019est que la deuxi\u00e8me du genre \u00e0 traiter d\u2019un probl\u00e8me de sant\u00e9 \u00e0 l\u2019\u00e9chelle internationale.<\/p>\n<p>Apr\u00e8s cette s\u00e9ance, l\u2019Union internationale contre le cancer a publi\u00e9 une\u00a0<a href=\"http:\/\/gallery.mailchimp.com\/b98a51d937c3cf79cb3a37ed8\/files\/UICC_posn_statement_UN_Summit_FINAL.pdf?utm_source=110314_Cancer+Outcomes+Statement_All+Members&amp;utm_campaign=7e089ba9db-110920_Position_Statement_UN_Summit&amp;utm_medium=email\" target=\"_blank\" rel=\"noopener\">d\u00e9claration de principes<\/a>\u00a0(en anglais seulement) dans laquelle l\u2019organisme f\u00e9licite les \u00c9tats membres des Nations Unies d\u2019avoir reconnu que le cancer et les autres maladies non transmissibles repr\u00e9sentent un d\u00e9fi aux proportions \u00e9pid\u00e9miques qui doit faire l\u2019objet d\u2019une r\u00e9ponse coordonn\u00e9e et soutenue \u00e0 l\u2019\u00e9chelle internationale.<\/p>\n<p>L\u2019Union internationale contre le cancer se r\u00e9jouit des engagements pris par l\u2019Organisation des Nations Unies visant \u00e0 all\u00e9ger le fardeau du cancer \u00e0 l\u2019\u00e9chelle internationale, dont les plans visant \u00e0\u00a0:<\/p>\n<ul>\n<li>accorder une plus grande importance \u00e0 la d\u00e9tection pr\u00e9coce, aux programmes de d\u00e9pistage et au diagnostic (particuli\u00e8rement en ce qui a trait au cancer du sein et au cancer du col de l\u2019ut\u00e9rus); et<\/li>\n<li>accro\u00eetre l\u2019acc\u00e8s aux vaccins contre l\u2019h\u00e9patite B et aux vaccins contre le papillomavirus humain, dans le but de pr\u00e9venir les cas de cancer associ\u00e9s \u00e0 ces affections.<\/li>\n<\/ul>\n<p>Pour en savoir plus ou pour lire la d\u00e9claration de principes, cliquez\u00a0<a href=\"http:\/\/gallery.mailchimp.com\/b98a51d937c3cf79cb3a37ed8\/files\/UICC_posn_statement_UN_Summit_FINAL.pdf?utm_source=110314_Cancer+Outcomes+Statement_All+Members&amp;utm_campaign=7e089ba9db-110920_Position_Statement_UN_Summit&amp;utm_medium=email\" target=\"_blank\" rel=\"noopener\">ici<\/a>.<\/p>\n","protected":false},"excerpt":{"rendered":"<p>Une s\u00e9ance pl\u00e9ni\u00e8re de l\u2019Assembl\u00e9e g\u00e9n\u00e9rale des Nations Unies\u00a0qui s\u2019est tenue r\u00e9cemment \u00e0 New York portait sur le th\u00e8me de la pr\u00e9vention et de la ma\u00eetrise des maladies non transmissibles. Plus de 30\u00a0chefs d\u2019\u00c9tats, de ministres de la sant\u00e9 et de personnes charg\u00e9es d\u2019\u00e9laborer\u00a0des politiques se sont r\u00e9unis pour discuter des d\u00e9fis et des r\u00e9percussions [&hellip;]<\/p>\n","protected":false},"author":2,"featured_media":0,"menu_order":0,"template":"","news_events_categories":[1029],"class_list":["post-33029","news-events","type-news-events","status-publish","hentry","news_events_categories-nouvelles"],"acf":[],"yoast_head":"<!-- This site is optimized with the Yoast SEO plugin v27.3 - https:\/\/yoast.com\/product\/yoast-seo-wordpress\/ -->\n<title>Canadian Partnership Against Cancer<\/title>\n<meta name=\"robots\" content=\"index, follow, max-snippet:-1, max-image-preview:large, max-video-preview:-1\" \/>\n<link rel=\"canonical\" href=\"https:\/\/www.partnershipagainstcancer.ca\/fr\/news-events\/news\/article\/luicc-se-rejouit-de-la-declaration-politique-concernant-la-prevention-et-la-maitrise-des-maladies-non-transmissibles\/\" \/>\n<meta property=\"og:locale\" content=\"fr_FR\" \/>\n<meta property=\"og:type\" content=\"article\" \/>\n<meta property=\"og:title\" content=\"L&#039;UICC se r\u00e9jouit de la d\u00e9claration politique concernant la pr\u00e9vention et la ma\u00eetrise des maladies non transmissibles - Canadian Partnership Against Cancer\" \/>\n<meta property=\"og:description\" content=\"Une s\u00e9ance pl\u00e9ni\u00e8re de l\u2019Assembl\u00e9e g\u00e9n\u00e9rale des Nations Unies\u00a0qui s\u2019est tenue r\u00e9cemment \u00e0 New York portait sur le th\u00e8me de la pr\u00e9vention et de la ma\u00eetrise des maladies non transmissibles. Plus de 30\u00a0chefs d\u2019\u00c9tats, de ministres de la sant\u00e9 et de personnes charg\u00e9es d\u2019\u00e9laborer\u00a0des politiques se sont r\u00e9unis pour discuter des d\u00e9fis et des r\u00e9percussions [&hellip;]\" \/>\n<meta property=\"og:url\" content=\"https:\/\/www.partnershipagainstcancer.ca\/fr\/news-events\/news\/article\/luicc-se-rejouit-de-la-declaration-politique-concernant-la-prevention-et-la-maitrise-des-maladies-non-transmissibles\/\" \/>\n<meta property=\"og:site_name\" content=\"Canadian Partnership Against Cancer\" \/>\n<meta property=\"article:publisher\" content=\"https:\/\/www.facebook.com\/CanadianPartnershipAgainstCancer\/\" \/>\n<meta property=\"article:modified_time\" content=\"2017-10-04T20:08:48+00:00\" \/>\n<meta property=\"og:image\" content=\"https:\/\/www.partnershipagainstcancer.ca\/wp-content\/uploads\/2011\/09\/UNlogo-e1317218967801.jpg\" \/>\n<meta name=\"twitter:card\" content=\"summary_large_image\" \/>\n<meta name=\"twitter:site\" content=\"@cancerstratca\" \/>\n<meta name=\"twitter:label1\" content=\"Dur\u00e9e de lecture estim\u00e9e\" \/>\n\t<meta name=\"twitter:data1\" content=\"2 minutes\" \/>\n<script type=\"application\/ld+json\" class=\"yoast-schema-graph\">{\"@context\":\"https:\\\/\\\/schema.org\",\"@graph\":[{\"@type\":\"WebPage\",\"@id\":\"https:\\\/\\\/www.partnershipagainstcancer.ca\\\/fr\\\/news-events\\\/news\\\/article\\\/luicc-se-rejouit-de-la-declaration-politique-concernant-la-prevention-et-la-maitrise-des-maladies-non-transmissibles\\\/\",\"url\":\"https:\\\/\\\/www.partnershipagainstcancer.ca\\\/fr\\\/news-events\\\/news\\\/article\\\/luicc-se-rejouit-de-la-declaration-politique-concernant-la-prevention-et-la-maitrise-des-maladies-non-transmissibles\\\/\",\"name\":\"L'UICC se r\u00e9jouit de la d\u00e9claration politique concernant la pr\u00e9vention et la ma\u00eetrise des maladies non transmissibles - Canadian Partnership Against Cancer\",\"isPartOf\":{\"@id\":\"https:\\\/\\\/dev.partnershipagainstcancer.ca\\\/#website\"},\"primaryImageOfPage\":{\"@id\":\"https:\\\/\\\/www.partnershipagainstcancer.ca\\\/fr\\\/news-events\\\/news\\\/article\\\/luicc-se-rejouit-de-la-declaration-politique-concernant-la-prevention-et-la-maitrise-des-maladies-non-transmissibles\\\/#primaryimage\"},\"image\":{\"@id\":\"https:\\\/\\\/www.partnershipagainstcancer.ca\\\/fr\\\/news-events\\\/news\\\/article\\\/luicc-se-rejouit-de-la-declaration-politique-concernant-la-prevention-et-la-maitrise-des-maladies-non-transmissibles\\\/#primaryimage\"},\"thumbnailUrl\":\"https:\\\/\\\/www.partnershipagainstcancer.ca\\\/wp-content\\\/uploads\\\/2011\\\/09\\\/UNlogo-e1317218967801.jpg\",\"datePublished\":\"2011-09-26T00:00:00+00:00\",\"dateModified\":\"2017-10-04T20:08:48+00:00\",\"breadcrumb\":{\"@id\":\"https:\\\/\\\/www.partnershipagainstcancer.ca\\\/fr\\\/news-events\\\/news\\\/article\\\/luicc-se-rejouit-de-la-declaration-politique-concernant-la-prevention-et-la-maitrise-des-maladies-non-transmissibles\\\/#breadcrumb\"},\"inLanguage\":\"fr-FR\",\"potentialAction\":[{\"@type\":\"ReadAction\",\"target\":[\"https:\\\/\\\/www.partnershipagainstcancer.ca\\\/fr\\\/news-events\\\/news\\\/article\\\/luicc-se-rejouit-de-la-declaration-politique-concernant-la-prevention-et-la-maitrise-des-maladies-non-transmissibles\\\/\"]}]},{\"@type\":\"ImageObject\",\"inLanguage\":\"fr-FR\",\"@id\":\"https:\\\/\\\/www.partnershipagainstcancer.ca\\\/fr\\\/news-events\\\/news\\\/article\\\/luicc-se-rejouit-de-la-declaration-politique-concernant-la-prevention-et-la-maitrise-des-maladies-non-transmissibles\\\/#primaryimage\",\"url\":\"https:\\\/\\\/www.partnershipagainstcancer.ca\\\/wp-content\\\/uploads\\\/2011\\\/09\\\/UNlogo-e1317218967801.jpg\",\"contentUrl\":\"https:\\\/\\\/www.partnershipagainstcancer.ca\\\/wp-content\\\/uploads\\\/2011\\\/09\\\/UNlogo-e1317218967801.jpg\"},{\"@type\":\"BreadcrumbList\",\"@id\":\"https:\\\/\\\/www.partnershipagainstcancer.ca\\\/fr\\\/news-events\\\/news\\\/article\\\/luicc-se-rejouit-de-la-declaration-politique-concernant-la-prevention-et-la-maitrise-des-maladies-non-transmissibles\\\/#breadcrumb\",\"itemListElement\":[{\"@type\":\"ListItem\",\"position\":1,\"name\":\"News\",\"item\":\"https:\\\/\\\/www.partnershipagainstcancer.ca\\\/news-events\\\/news\\\/article\\\/\"},{\"@type\":\"ListItem\",\"position\":2,\"name\":\"L&rsquo;UICC se r\u00e9jouit de la d\u00e9claration politique concernant la pr\u00e9vention et la ma\u00eetrise des maladies non transmissibles\"}]},{\"@type\":\"WebSite\",\"@id\":\"https:\\\/\\\/dev.partnershipagainstcancer.ca\\\/#website\",\"url\":\"https:\\\/\\\/dev.partnershipagainstcancer.ca\\\/\",\"name\":\"Canadian Partnership Against Cancer\",\"description\":\"\",\"potentialAction\":[{\"@type\":\"SearchAction\",\"target\":{\"@type\":\"EntryPoint\",\"urlTemplate\":\"https:\\\/\\\/dev.partnershipagainstcancer.ca\\\/?s={search_term_string}\"},\"query-input\":{\"@type\":\"PropertyValueSpecification\",\"valueRequired\":true,\"valueName\":\"search_term_string\"}}],\"inLanguage\":\"fr-FR\"}]}<\/script>\n<!-- \/ Yoast SEO plugin. -->","yoast_head_json":{"title":"Canadian Partnership Against Cancer","robots":{"index":"index","follow":"follow","max-snippet":"max-snippet:-1","max-image-preview":"max-image-preview:large","max-video-preview":"max-video-preview:-1"},"canonical":"https:\/\/www.partnershipagainstcancer.ca\/fr\/news-events\/news\/article\/luicc-se-rejouit-de-la-declaration-politique-concernant-la-prevention-et-la-maitrise-des-maladies-non-transmissibles\/","og_locale":"fr_FR","og_type":"article","og_title":"L'UICC se r\u00e9jouit de la d\u00e9claration politique concernant la pr\u00e9vention et la ma\u00eetrise des maladies non transmissibles - Canadian Partnership Against Cancer","og_description":"Une s\u00e9ance pl\u00e9ni\u00e8re de l\u2019Assembl\u00e9e g\u00e9n\u00e9rale des Nations Unies\u00a0qui s\u2019est tenue r\u00e9cemment \u00e0 New York portait sur le th\u00e8me de la pr\u00e9vention et de la ma\u00eetrise des maladies non transmissibles. Plus de 30\u00a0chefs d\u2019\u00c9tats, de ministres de la sant\u00e9 et de personnes charg\u00e9es d\u2019\u00e9laborer\u00a0des politiques se sont r\u00e9unis pour discuter des d\u00e9fis et des r\u00e9percussions [&hellip;]","og_url":"https:\/\/www.partnershipagainstcancer.ca\/fr\/news-events\/news\/article\/luicc-se-rejouit-de-la-declaration-politique-concernant-la-prevention-et-la-maitrise-des-maladies-non-transmissibles\/","og_site_name":"Canadian Partnership Against Cancer","article_publisher":"https:\/\/www.facebook.com\/CanadianPartnershipAgainstCancer\/","article_modified_time":"2017-10-04T20:08:48+00:00","og_image":[{"url":"https:\/\/www.partnershipagainstcancer.ca\/wp-content\/uploads\/2011\/09\/UNlogo-e1317218967801.jpg","type":"","width":"","height":""}],"twitter_card":"summary_large_image","twitter_site":"@cancerstratca","twitter_misc":{"Dur\u00e9e de lecture estim\u00e9e":"2 minutes"},"schema":{"@context":"https:\/\/schema.org","@graph":[{"@type":"WebPage","@id":"https:\/\/www.partnershipagainstcancer.ca\/fr\/news-events\/news\/article\/luicc-se-rejouit-de-la-declaration-politique-concernant-la-prevention-et-la-maitrise-des-maladies-non-transmissibles\/","url":"https:\/\/www.partnershipagainstcancer.ca\/fr\/news-events\/news\/article\/luicc-se-rejouit-de-la-declaration-politique-concernant-la-prevention-et-la-maitrise-des-maladies-non-transmissibles\/","name":"L'UICC se r\u00e9jouit de la d\u00e9claration politique concernant la pr\u00e9vention et la ma\u00eetrise des maladies non transmissibles - Canadian Partnership Against Cancer","isPartOf":{"@id":"https:\/\/dev.partnershipagainstcancer.ca\/#website"},"primaryImageOfPage":{"@id":"https:\/\/www.partnershipagainstcancer.ca\/fr\/news-events\/news\/article\/luicc-se-rejouit-de-la-declaration-politique-concernant-la-prevention-et-la-maitrise-des-maladies-non-transmissibles\/#primaryimage"},"image":{"@id":"https:\/\/www.partnershipagainstcancer.ca\/fr\/news-events\/news\/article\/luicc-se-rejouit-de-la-declaration-politique-concernant-la-prevention-et-la-maitrise-des-maladies-non-transmissibles\/#primaryimage"},"thumbnailUrl":"https:\/\/www.partnershipagainstcancer.ca\/wp-content\/uploads\/2011\/09\/UNlogo-e1317218967801.jpg","datePublished":"2011-09-26T00:00:00+00:00","dateModified":"2017-10-04T20:08:48+00:00","breadcrumb":{"@id":"https:\/\/www.partnershipagainstcancer.ca\/fr\/news-events\/news\/article\/luicc-se-rejouit-de-la-declaration-politique-concernant-la-prevention-et-la-maitrise-des-maladies-non-transmissibles\/#breadcrumb"},"inLanguage":"fr-FR","potentialAction":[{"@type":"ReadAction","target":["https:\/\/www.partnershipagainstcancer.ca\/fr\/news-events\/news\/article\/luicc-se-rejouit-de-la-declaration-politique-concernant-la-prevention-et-la-maitrise-des-maladies-non-transmissibles\/"]}]},{"@type":"ImageObject","inLanguage":"fr-FR","@id":"https:\/\/www.partnershipagainstcancer.ca\/fr\/news-events\/news\/article\/luicc-se-rejouit-de-la-declaration-politique-concernant-la-prevention-et-la-maitrise-des-maladies-non-transmissibles\/#primaryimage","url":"https:\/\/www.partnershipagainstcancer.ca\/wp-content\/uploads\/2011\/09\/UNlogo-e1317218967801.jpg","contentUrl":"https:\/\/www.partnershipagainstcancer.ca\/wp-content\/uploads\/2011\/09\/UNlogo-e1317218967801.jpg"},{"@type":"BreadcrumbList","@id":"https:\/\/www.partnershipagainstcancer.ca\/fr\/news-events\/news\/article\/luicc-se-rejouit-de-la-declaration-politique-concernant-la-prevention-et-la-maitrise-des-maladies-non-transmissibles\/#breadcrumb","itemListElement":[{"@type":"ListItem","position":1,"name":"News","item":"https:\/\/www.partnershipagainstcancer.ca\/news-events\/news\/article\/"},{"@type":"ListItem","position":2,"name":"L&rsquo;UICC se r\u00e9jouit de la d\u00e9claration politique concernant la pr\u00e9vention et la ma\u00eetrise des maladies non transmissibles"}]},{"@type":"WebSite","@id":"https:\/\/dev.partnershipagainstcancer.ca\/#website","url":"https:\/\/dev.partnershipagainstcancer.ca\/","name":"Canadian Partnership Against Cancer","description":"","potentialAction":[{"@type":"SearchAction","target":{"@type":"EntryPoint","urlTemplate":"https:\/\/dev.partnershipagainstcancer.ca\/?s={search_term_string}"},"query-input":{"@type":"PropertyValueSpecification","valueRequired":true,"valueName":"search_term_string"}}],"inLanguage":"fr-FR"}]}},"_links":{"self":[{"href":"https:\/\/www.partnershipagainstcancer.ca\/fr\/wp-json\/wp\/v2\/news-events\/33029","targetHints":{"allow":["GET"]}}],"collection":[{"href":"https:\/\/www.partnershipagainstcancer.ca\/fr\/wp-json\/wp\/v2\/news-events"}],"about":[{"href":"https:\/\/www.partnershipagainstcancer.ca\/fr\/wp-json\/wp\/v2\/types\/news-events"}],"author":[{"embeddable":true,"href":"https:\/\/www.partnershipagainstcancer.ca\/fr\/wp-json\/wp\/v2\/users\/2"}],"wp:attachment":[{"href":"https:\/\/www.partnershipagainstcancer.ca\/fr\/wp-json\/wp\/v2\/media?parent=33029"}],"wp:term":[{"taxonomy":"news_events_categories","embeddable":true,"href":"https:\/\/www.partnershipagainstcancer.ca\/fr\/wp-json\/wp\/v2\/news_events_categories?post=33029"}],"curies":[{"name":"wp","href":"https:\/\/api.w.org\/{rel}","templated":true}]}}