{"id":33025,"date":"2011-09-01T00:00:00","date_gmt":"2011-09-01T00:00:00","guid":{"rendered":"https:\/\/www.partnershipagainstcancer.ca\/news\/news_events\/le-congres-mondial-sur-le-cancer-a-lieu-au-canada-pour-la-premiere-fois\/"},"modified":"2017-10-04T18:39:41","modified_gmt":"2017-10-04T18:39:41","slug":"le-congres-mondial-sur-le-cancer-a-lieu-au-canada-pour-la-premiere-fois","status":"publish","type":"news-events","link":"https:\/\/www.partnershipagainstcancer.ca\/fr\/news-events\/news\/article\/le-congres-mondial-sur-le-cancer-a-lieu-au-canada-pour-la-premiere-fois\/","title":{"rendered":"Le Congr\u00e8s mondial sur le cancer a lieu au Canada pour la premi\u00e8re fois"},"content":{"rendered":"<p>Alors que les pr\u00e9parations suivent leur cours pour le Congr\u00e8s mondial sur le cancer qui aura lieu l\u0092\u00e9t\u00e9 prochain, du 27 au 30\u00a0ao\u00fbt\u00a02012 \u00e0\u00a0 Montr\u00e9al, au Qu\u00e9bec, le Partenariat canadien contre le cancer encourage les Canadiens \u00e0\u00a0 signer la D\u00e9claration mondiale sur le cancer et \u00e0\u00a0 montrer leur appui \u00e0\u00a0 la r\u00e9duction du fardeau mondial du cancer.<\/p>\n<p>La D\u00e9claration mondiale sur le cancer, qui est une initiative de <a href=\"http:\/\/www.uicc.org\/\" target=\"_blank\" rel=\"noopener\">l\u0092Union internationale contre le cancer<\/a> (UICC), dont le Partenariat est membre, cerne 11\u00a0cibles \u00e0\u00a0 atteindre d\u0092ici 2020, dont la r\u00e9duction de la consommation de tabac et d\u0092alcool et la r\u00e9duction de l\u0092ob\u00e9sit\u00e9, la disponibilit\u00e9 de mesures efficaces contre la d\u0092uleur partout dans le monde, et l\u0092\u00e9limination des mythes et des id\u00e9es fausses au sujet du cancer.<\/p>\n<p>Jessica Hill, pr\u00e9sidente-directrice g\u00e9n\u00e9rale du Partenariat, et la D<sup>re<\/sup> Heather Bryant, vice-pr\u00e9sidente de Lutte contre le cancer, sont impliqu\u00e9es dans l\u0092organisation du Congr\u00e8s, qui a lieu pour la premi\u00e8re fois au Canada. Organis\u00e9 tous les d\u0092ux ans par l\u0092UICC en collaboration avec les professionnels de la lutte contre le cancer du pays d\u0092accueil, le congr\u00e8s est une excellente occasion pour les membres de la communaut\u00e9 internationale de la lutte contre le cancer de cr\u00e9er des liens et d\u0092apprendre et de d\u00e9couvrir de nouvelles id\u00e9es ou pratiques exemplaires, dans le but commun de r\u00e9duire l\u0092impact du cancer au niveau mondial.<\/p>\n<p>Le Congr\u00e8s mondial sur le cancer de 2012 sera principalement ax\u00e9 sur<\/p>\n<ul>\n<li>la pr\u00e9vention et la d\u00e9tection pr\u00e9coce<\/li>\n<li>les soins contre le cancer et la survie<\/li>\n<li>les soins palliatifs et le contr\u00f4le de la d\u0092uleur<\/li>\n<li>les syst\u00e8mes de lutte contre le cancer<\/li>\n<\/ul>\n<p>Chacun de ces points est directement li\u00e9 \u00e0\u00a0 au moins une des cibles de la D\u00e9claration mondiale sur le cancer. Le programme finalis\u00e9 et les d\u00e9tails concernant l\u0092inscription seront annonc\u00e9s sur le <a href=\"http:\/\/www.worldcancercongress.org\/\" target=\"_blank\" rel=\"noopener\">site web du Congr\u00e8s mondial sur le cancer<\/a>\u00a0cet automne.<\/p>\n","protected":false},"excerpt":{"rendered":"<p>Alors que les pr\u00e9parations suivent leur cours pour le Congr\u00e8s mondial sur le cancer qui aura lieu l\u0092\u00e9t\u00e9 prochain, du 27 au 30\u00a0ao\u00fbt\u00a02012 \u00e0\u00a0 Montr\u00e9al, au Qu\u00e9bec, le Partenariat canadien contre le cancer encourage les Canadiens \u00e0\u00a0 signer la D\u00e9claration mondiale sur le cancer et \u00e0\u00a0 montrer leur appui \u00e0\u00a0 la r\u00e9duction du fardeau mondial [&hellip;]<\/p>\n","protected":false},"author":2,"featured_media":32757,"menu_order":0,"template":"","news_events_categories":[1029],"class_list":["post-33025","news-events","type-news-events","status-publish","has-post-thumbnail","hentry","news_events_categories-nouvelles"],"acf":[],"yoast_head":"<!-- This site is optimized with the Yoast SEO plugin v27.3 - https:\/\/yoast.com\/product\/yoast-seo-wordpress\/ -->\n<title>Canadian Partnership Against Cancer<\/title>\n<meta name=\"robots\" content=\"index, follow, max-snippet:-1, max-image-preview:large, max-video-preview:-1\" \/>\n<link rel=\"canonical\" href=\"https:\/\/www.partnershipagainstcancer.ca\/fr\/news-events\/news\/article\/le-congres-mondial-sur-le-cancer-a-lieu-au-canada-pour-la-premiere-fois\/\" \/>\n<meta property=\"og:locale\" content=\"fr_FR\" \/>\n<meta property=\"og:type\" content=\"article\" \/>\n<meta property=\"og:title\" content=\"Le Congr\u00e8s mondial sur le cancer a lieu au Canada pour la premi\u00e8re fois - Canadian Partnership Against Cancer\" \/>\n<meta property=\"og:description\" content=\"Alors que les pr\u00e9parations suivent leur cours pour le Congr\u00e8s mondial sur le cancer qui aura lieu l\u0092\u00e9t\u00e9 prochain, du 27 au 30\u00a0ao\u00fbt\u00a02012 \u00e0\u00a0 Montr\u00e9al, au Qu\u00e9bec, le Partenariat canadien contre le cancer encourage les Canadiens \u00e0\u00a0 signer la D\u00e9claration mondiale sur le cancer et \u00e0\u00a0 montrer leur appui \u00e0\u00a0 la r\u00e9duction du fardeau mondial [&hellip;]\" \/>\n<meta property=\"og:url\" content=\"https:\/\/www.partnershipagainstcancer.ca\/fr\/news-events\/news\/article\/le-congres-mondial-sur-le-cancer-a-lieu-au-canada-pour-la-premiere-fois\/\" \/>\n<meta property=\"og:site_name\" content=\"Canadian Partnership Against Cancer\" \/>\n<meta property=\"article:publisher\" content=\"https:\/\/www.facebook.com\/CanadianPartnershipAgainstCancer\/\" \/>\n<meta property=\"article:modified_time\" content=\"2017-10-04T18:39:41+00:00\" \/>\n<meta property=\"og:image\" content=\"https:\/\/www.partnershipagainstcancer.ca\/wp-content\/uploads\/2017\/09\/congresslogo1.jpg\" \/>\n\t<meta property=\"og:image:width\" content=\"129\" \/>\n\t<meta property=\"og:image:height\" content=\"129\" \/>\n\t<meta property=\"og:image:type\" content=\"image\/jpeg\" \/>\n<meta name=\"twitter:card\" content=\"summary_large_image\" \/>\n<meta name=\"twitter:site\" content=\"@cancerstratca\" \/>\n<meta name=\"twitter:label1\" content=\"Dur\u00e9e de lecture estim\u00e9e\" \/>\n\t<meta name=\"twitter:data1\" content=\"2 minutes\" \/>\n<script type=\"application\/ld+json\" class=\"yoast-schema-graph\">{\"@context\":\"https:\\\/\\\/schema.org\",\"@graph\":[{\"@type\":\"WebPage\",\"@id\":\"https:\\\/\\\/www.partnershipagainstcancer.ca\\\/fr\\\/news-events\\\/news\\\/article\\\/le-congres-mondial-sur-le-cancer-a-lieu-au-canada-pour-la-premiere-fois\\\/\",\"url\":\"https:\\\/\\\/www.partnershipagainstcancer.ca\\\/fr\\\/news-events\\\/news\\\/article\\\/le-congres-mondial-sur-le-cancer-a-lieu-au-canada-pour-la-premiere-fois\\\/\",\"name\":\"Le Congr\u00e8s mondial sur le cancer a lieu au Canada pour la premi\u00e8re fois - Canadian Partnership Against Cancer\",\"isPartOf\":{\"@id\":\"https:\\\/\\\/dev.partnershipagainstcancer.ca\\\/#website\"},\"primaryImageOfPage\":{\"@id\":\"https:\\\/\\\/www.partnershipagainstcancer.ca\\\/fr\\\/news-events\\\/news\\\/article\\\/le-congres-mondial-sur-le-cancer-a-lieu-au-canada-pour-la-premiere-fois\\\/#primaryimage\"},\"image\":{\"@id\":\"https:\\\/\\\/www.partnershipagainstcancer.ca\\\/fr\\\/news-events\\\/news\\\/article\\\/le-congres-mondial-sur-le-cancer-a-lieu-au-canada-pour-la-premiere-fois\\\/#primaryimage\"},\"thumbnailUrl\":\"https:\\\/\\\/www.partnershipagainstcancer.ca\\\/wp-content\\\/uploads\\\/2017\\\/09\\\/congresslogo1.jpg\",\"datePublished\":\"2011-09-01T00:00:00+00:00\",\"dateModified\":\"2017-10-04T18:39:41+00:00\",\"breadcrumb\":{\"@id\":\"https:\\\/\\\/www.partnershipagainstcancer.ca\\\/fr\\\/news-events\\\/news\\\/article\\\/le-congres-mondial-sur-le-cancer-a-lieu-au-canada-pour-la-premiere-fois\\\/#breadcrumb\"},\"inLanguage\":\"fr-FR\",\"potentialAction\":[{\"@type\":\"ReadAction\",\"target\":[\"https:\\\/\\\/www.partnershipagainstcancer.ca\\\/fr\\\/news-events\\\/news\\\/article\\\/le-congres-mondial-sur-le-cancer-a-lieu-au-canada-pour-la-premiere-fois\\\/\"]}]},{\"@type\":\"ImageObject\",\"inLanguage\":\"fr-FR\",\"@id\":\"https:\\\/\\\/www.partnershipagainstcancer.ca\\\/fr\\\/news-events\\\/news\\\/article\\\/le-congres-mondial-sur-le-cancer-a-lieu-au-canada-pour-la-premiere-fois\\\/#primaryimage\",\"url\":\"https:\\\/\\\/www.partnershipagainstcancer.ca\\\/wp-content\\\/uploads\\\/2017\\\/09\\\/congresslogo1.jpg\",\"contentUrl\":\"https:\\\/\\\/www.partnershipagainstcancer.ca\\\/wp-content\\\/uploads\\\/2017\\\/09\\\/congresslogo1.jpg\",\"width\":129,\"height\":129},{\"@type\":\"BreadcrumbList\",\"@id\":\"https:\\\/\\\/www.partnershipagainstcancer.ca\\\/fr\\\/news-events\\\/news\\\/article\\\/le-congres-mondial-sur-le-cancer-a-lieu-au-canada-pour-la-premiere-fois\\\/#breadcrumb\",\"itemListElement\":[{\"@type\":\"ListItem\",\"position\":1,\"name\":\"News\",\"item\":\"https:\\\/\\\/www.partnershipagainstcancer.ca\\\/news-events\\\/news\\\/article\\\/\"},{\"@type\":\"ListItem\",\"position\":2,\"name\":\"Le Congr\u00e8s mondial sur le cancer a lieu au Canada pour la premi\u00e8re fois\"}]},{\"@type\":\"WebSite\",\"@id\":\"https:\\\/\\\/dev.partnershipagainstcancer.ca\\\/#website\",\"url\":\"https:\\\/\\\/dev.partnershipagainstcancer.ca\\\/\",\"name\":\"Canadian Partnership Against Cancer\",\"description\":\"\",\"potentialAction\":[{\"@type\":\"SearchAction\",\"target\":{\"@type\":\"EntryPoint\",\"urlTemplate\":\"https:\\\/\\\/dev.partnershipagainstcancer.ca\\\/?s={search_term_string}\"},\"query-input\":{\"@type\":\"PropertyValueSpecification\",\"valueRequired\":true,\"valueName\":\"search_term_string\"}}],\"inLanguage\":\"fr-FR\"}]}<\/script>\n<!-- \/ Yoast SEO plugin. -->","yoast_head_json":{"title":"Canadian Partnership Against Cancer","robots":{"index":"index","follow":"follow","max-snippet":"max-snippet:-1","max-image-preview":"max-image-preview:large","max-video-preview":"max-video-preview:-1"},"canonical":"https:\/\/www.partnershipagainstcancer.ca\/fr\/news-events\/news\/article\/le-congres-mondial-sur-le-cancer-a-lieu-au-canada-pour-la-premiere-fois\/","og_locale":"fr_FR","og_type":"article","og_title":"Le Congr\u00e8s mondial sur le cancer a lieu au Canada pour la premi\u00e8re fois - Canadian Partnership Against Cancer","og_description":"Alors que les pr\u00e9parations suivent leur cours pour le Congr\u00e8s mondial sur le cancer qui aura lieu l\u0092\u00e9t\u00e9 prochain, du 27 au 30\u00a0ao\u00fbt\u00a02012 \u00e0\u00a0 Montr\u00e9al, au Qu\u00e9bec, le Partenariat canadien contre le cancer encourage les Canadiens \u00e0\u00a0 signer la D\u00e9claration mondiale sur le cancer et \u00e0\u00a0 montrer leur appui \u00e0\u00a0 la r\u00e9duction du fardeau mondial [&hellip;]","og_url":"https:\/\/www.partnershipagainstcancer.ca\/fr\/news-events\/news\/article\/le-congres-mondial-sur-le-cancer-a-lieu-au-canada-pour-la-premiere-fois\/","og_site_name":"Canadian Partnership Against Cancer","article_publisher":"https:\/\/www.facebook.com\/CanadianPartnershipAgainstCancer\/","article_modified_time":"2017-10-04T18:39:41+00:00","og_image":[{"width":129,"height":129,"url":"https:\/\/www.partnershipagainstcancer.ca\/wp-content\/uploads\/2017\/09\/congresslogo1.jpg","type":"image\/jpeg"}],"twitter_card":"summary_large_image","twitter_site":"@cancerstratca","twitter_misc":{"Dur\u00e9e de lecture estim\u00e9e":"2 minutes"},"schema":{"@context":"https:\/\/schema.org","@graph":[{"@type":"WebPage","@id":"https:\/\/www.partnershipagainstcancer.ca\/fr\/news-events\/news\/article\/le-congres-mondial-sur-le-cancer-a-lieu-au-canada-pour-la-premiere-fois\/","url":"https:\/\/www.partnershipagainstcancer.ca\/fr\/news-events\/news\/article\/le-congres-mondial-sur-le-cancer-a-lieu-au-canada-pour-la-premiere-fois\/","name":"Le Congr\u00e8s mondial sur le cancer a lieu au Canada pour la premi\u00e8re fois - Canadian Partnership Against Cancer","isPartOf":{"@id":"https:\/\/dev.partnershipagainstcancer.ca\/#website"},"primaryImageOfPage":{"@id":"https:\/\/www.partnershipagainstcancer.ca\/fr\/news-events\/news\/article\/le-congres-mondial-sur-le-cancer-a-lieu-au-canada-pour-la-premiere-fois\/#primaryimage"},"image":{"@id":"https:\/\/www.partnershipagainstcancer.ca\/fr\/news-events\/news\/article\/le-congres-mondial-sur-le-cancer-a-lieu-au-canada-pour-la-premiere-fois\/#primaryimage"},"thumbnailUrl":"https:\/\/www.partnershipagainstcancer.ca\/wp-content\/uploads\/2017\/09\/congresslogo1.jpg","datePublished":"2011-09-01T00:00:00+00:00","dateModified":"2017-10-04T18:39:41+00:00","breadcrumb":{"@id":"https:\/\/www.partnershipagainstcancer.ca\/fr\/news-events\/news\/article\/le-congres-mondial-sur-le-cancer-a-lieu-au-canada-pour-la-premiere-fois\/#breadcrumb"},"inLanguage":"fr-FR","potentialAction":[{"@type":"ReadAction","target":["https:\/\/www.partnershipagainstcancer.ca\/fr\/news-events\/news\/article\/le-congres-mondial-sur-le-cancer-a-lieu-au-canada-pour-la-premiere-fois\/"]}]},{"@type":"ImageObject","inLanguage":"fr-FR","@id":"https:\/\/www.partnershipagainstcancer.ca\/fr\/news-events\/news\/article\/le-congres-mondial-sur-le-cancer-a-lieu-au-canada-pour-la-premiere-fois\/#primaryimage","url":"https:\/\/www.partnershipagainstcancer.ca\/wp-content\/uploads\/2017\/09\/congresslogo1.jpg","contentUrl":"https:\/\/www.partnershipagainstcancer.ca\/wp-content\/uploads\/2017\/09\/congresslogo1.jpg","width":129,"height":129},{"@type":"BreadcrumbList","@id":"https:\/\/www.partnershipagainstcancer.ca\/fr\/news-events\/news\/article\/le-congres-mondial-sur-le-cancer-a-lieu-au-canada-pour-la-premiere-fois\/#breadcrumb","itemListElement":[{"@type":"ListItem","position":1,"name":"News","item":"https:\/\/www.partnershipagainstcancer.ca\/news-events\/news\/article\/"},{"@type":"ListItem","position":2,"name":"Le Congr\u00e8s mondial sur le cancer a lieu au Canada pour la premi\u00e8re fois"}]},{"@type":"WebSite","@id":"https:\/\/dev.partnershipagainstcancer.ca\/#website","url":"https:\/\/dev.partnershipagainstcancer.ca\/","name":"Canadian Partnership Against Cancer","description":"","potentialAction":[{"@type":"SearchAction","target":{"@type":"EntryPoint","urlTemplate":"https:\/\/dev.partnershipagainstcancer.ca\/?s={search_term_string}"},"query-input":{"@type":"PropertyValueSpecification","valueRequired":true,"valueName":"search_term_string"}}],"inLanguage":"fr-FR"}]}},"_links":{"self":[{"href":"https:\/\/www.partnershipagainstcancer.ca\/fr\/wp-json\/wp\/v2\/news-events\/33025","targetHints":{"allow":["GET"]}}],"collection":[{"href":"https:\/\/www.partnershipagainstcancer.ca\/fr\/wp-json\/wp\/v2\/news-events"}],"about":[{"href":"https:\/\/www.partnershipagainstcancer.ca\/fr\/wp-json\/wp\/v2\/types\/news-events"}],"author":[{"embeddable":true,"href":"https:\/\/www.partnershipagainstcancer.ca\/fr\/wp-json\/wp\/v2\/users\/2"}],"wp:featuredmedia":[{"embeddable":true,"href":"https:\/\/www.partnershipagainstcancer.ca\/fr\/wp-json\/wp\/v2\/media\/32757"}],"wp:attachment":[{"href":"https:\/\/www.partnershipagainstcancer.ca\/fr\/wp-json\/wp\/v2\/media?parent=33025"}],"wp:term":[{"taxonomy":"news_events_categories","embeddable":true,"href":"https:\/\/www.partnershipagainstcancer.ca\/fr\/wp-json\/wp\/v2\/news_events_categories?post=33025"}],"curies":[{"name":"wp","href":"https:\/\/api.w.org\/{rel}","templated":true}]}}