{"id":33019,"date":"2011-05-25T00:00:00","date_gmt":"2011-05-25T00:00:00","guid":{"rendered":"https:\/\/www.partnershipagainstcancer.ca\/news\/news_events\/mme-margaret-fitch-reconnue-pour-avoir-contribue-a-reduire-le-fardeau-du-cancer-au-canada\/"},"modified":"2017-10-04T14:47:13","modified_gmt":"2017-10-04T14:47:13","slug":"mme-margaret-fitch-reconnue-pour-avoir-contribue-a-reduire-le-fardeau-du-cancer-au-canada","status":"publish","type":"news-events","link":"https:\/\/www.partnershipagainstcancer.ca\/fr\/news-events\/news\/article\/mme-margaret-fitch-reconnue-pour-avoir-contribue-a-reduire-le-fardeau-du-cancer-au-canada\/","title":{"rendered":"D<sup>re<\/sup> Margaret Fitch reconnue pour avoir contribu\u00e9 \u00e0\u00a0r\u00e9duire le fardeau du cancer au Canada"},"content":{"rendered":"<p><img loading=\"lazy\" decoding=\"async\" class=\"alignleft wp-image-3286 size-full\" style=\"margin-top: 10px;\" title=\"Dre Margaret Fitch re\u00e7oit le Prix d\u0092excellence en m\u00e9decine et en sant\u00e9\" src=\"https:\/\/www.partnershipagainstcancer.ca\/wp-content\/uploads\/2011\/05\/margawardsmaller.jpg\" alt=\"Dre Margaret Fitch re\u00e7oit le Prix d\u0092excellence en m\u00e9decine et en sant\u00e9\" width=\"125\" height=\"111\" \/><\/p>\n<p>Le Partenariat est heureux de f\u00e9liciter la D<sup>re<\/sup>\u00a0Margaret Fitch, qui a m\u00e9rit\u00e9 r\u00e9cemment le Prix d\u2019excellence en m\u00e9decine et en sant\u00e9 2011 de la Soci\u00e9t\u00e9 canadienne du cancer.<\/p>\n<p>Mme Fitch, qui occupe actuellement le poste de pr\u00e9sidente du groupe consultatif sur l\u2019exp\u00e9rience globale du cancer du Partenariat, est directrice des soins infirmiers en oncologie et codirectrice du programme de soutien aux patients et aux familles de l\u2019Odette Cancer Centre du Centre des sciences de la sant\u00e9 de Sunnybrook.<\/p>\n<p>Le Prix d\u2019excellence en m\u00e9decine et en sant\u00e9 r\u00e9compense une contribution exceptionnelle \u00e0 la poursuite de la mission de la Soci\u00e9t\u00e9 canadienne du cancer, soit l\u2019\u00e9radication du cancer et l\u2019am\u00e9lioration de la qualit\u00e9 de vie des personnes touch\u00e9es par le cancer. Un prix est remis annuellement dans cette cat\u00e9gorie.<\/p>\n<p>Ce prix reconna\u00eet l\u2019influence qu\u2019a eue la Mme Fitch dans la lutte contre le cancer durant une carri\u00e8re caract\u00e9ris\u00e9e par un leadership au sein de collaborations en recherche et en pratique. Le leadership dont elle a fait preuve en soins infirmiers en oncologie et les travaux qu\u2019elle a accomplis dans ce domaine ont men\u00e9 \u00e0 une meilleure compr\u00e9hension des besoins des patients et de leur famille durant l\u2019exp\u00e9rience du cancer et ont eu des r\u00e9percussions sur la lutte contre le cancer partout au Canada.<\/p>\n","protected":false},"excerpt":{"rendered":"<p>Le Partenariat est heureux de f\u00e9liciter la Dre\u00a0Margaret Fitch, qui a m\u00e9rit\u00e9 r\u00e9cemment le Prix d\u2019excellence en m\u00e9decine et en sant\u00e9 2011 de la Soci\u00e9t\u00e9 canadienne du cancer. Mme Fitch, qui occupe actuellement le poste de pr\u00e9sidente du groupe consultatif sur l\u2019exp\u00e9rience globale du cancer du Partenariat, est directrice des soins infirmiers en oncologie et [&hellip;]<\/p>\n","protected":false},"author":2,"featured_media":0,"menu_order":0,"template":"","news_events_categories":[1029],"class_list":["post-33019","news-events","type-news-events","status-publish","hentry","news_events_categories-nouvelles"],"acf":[],"yoast_head":"<!-- This site is optimized with the Yoast SEO plugin v27.3 - https:\/\/yoast.com\/product\/yoast-seo-wordpress\/ -->\n<title>Canadian Partnership Against Cancer<\/title>\n<meta name=\"robots\" content=\"index, follow, max-snippet:-1, max-image-preview:large, max-video-preview:-1\" \/>\n<link rel=\"canonical\" href=\"https:\/\/www.partnershipagainstcancer.ca\/fr\/news-events\/news\/article\/mme-margaret-fitch-reconnue-pour-avoir-contribue-a-reduire-le-fardeau-du-cancer-au-canada\/\" \/>\n<meta property=\"og:locale\" content=\"fr_FR\" \/>\n<meta property=\"og:type\" content=\"article\" \/>\n<meta property=\"og:title\" content=\"Dre Margaret Fitch reconnue pour avoir contribu\u00e9 \u00e0\u00a0r\u00e9duire le fardeau du cancer au Canada - Canadian Partnership Against Cancer\" \/>\n<meta property=\"og:description\" content=\"Le Partenariat est heureux de f\u00e9liciter la Dre\u00a0Margaret Fitch, qui a m\u00e9rit\u00e9 r\u00e9cemment le Prix d\u2019excellence en m\u00e9decine et en sant\u00e9 2011 de la Soci\u00e9t\u00e9 canadienne du cancer. Mme Fitch, qui occupe actuellement le poste de pr\u00e9sidente du groupe consultatif sur l\u2019exp\u00e9rience globale du cancer du Partenariat, est directrice des soins infirmiers en oncologie et [&hellip;]\" \/>\n<meta property=\"og:url\" content=\"https:\/\/www.partnershipagainstcancer.ca\/fr\/news-events\/news\/article\/mme-margaret-fitch-reconnue-pour-avoir-contribue-a-reduire-le-fardeau-du-cancer-au-canada\/\" \/>\n<meta property=\"og:site_name\" content=\"Canadian Partnership Against Cancer\" \/>\n<meta property=\"article:publisher\" content=\"https:\/\/www.facebook.com\/CanadianPartnershipAgainstCancer\/\" \/>\n<meta property=\"article:modified_time\" content=\"2017-10-04T14:47:13+00:00\" \/>\n<meta property=\"og:image\" content=\"https:\/\/www.partnershipagainstcancer.ca\/wp-content\/uploads\/2011\/05\/margawardsmaller.jpg\" \/>\n<meta name=\"twitter:card\" content=\"summary_large_image\" \/>\n<meta name=\"twitter:site\" content=\"@cancerstratca\" \/>\n<meta name=\"twitter:label1\" content=\"Dur\u00e9e de lecture estim\u00e9e\" \/>\n\t<meta name=\"twitter:data1\" content=\"1 minute\" \/>\n<script type=\"application\/ld+json\" class=\"yoast-schema-graph\">{\"@context\":\"https:\\\/\\\/schema.org\",\"@graph\":[{\"@type\":\"WebPage\",\"@id\":\"https:\\\/\\\/www.partnershipagainstcancer.ca\\\/fr\\\/news-events\\\/news\\\/article\\\/mme-margaret-fitch-reconnue-pour-avoir-contribue-a-reduire-le-fardeau-du-cancer-au-canada\\\/\",\"url\":\"https:\\\/\\\/www.partnershipagainstcancer.ca\\\/fr\\\/news-events\\\/news\\\/article\\\/mme-margaret-fitch-reconnue-pour-avoir-contribue-a-reduire-le-fardeau-du-cancer-au-canada\\\/\",\"name\":\"Dre Margaret Fitch reconnue pour avoir contribu\u00e9 \u00e0\u00a0r\u00e9duire le fardeau du cancer au Canada - Canadian Partnership Against Cancer\",\"isPartOf\":{\"@id\":\"https:\\\/\\\/dev.partnershipagainstcancer.ca\\\/#website\"},\"primaryImageOfPage\":{\"@id\":\"https:\\\/\\\/www.partnershipagainstcancer.ca\\\/fr\\\/news-events\\\/news\\\/article\\\/mme-margaret-fitch-reconnue-pour-avoir-contribue-a-reduire-le-fardeau-du-cancer-au-canada\\\/#primaryimage\"},\"image\":{\"@id\":\"https:\\\/\\\/www.partnershipagainstcancer.ca\\\/fr\\\/news-events\\\/news\\\/article\\\/mme-margaret-fitch-reconnue-pour-avoir-contribue-a-reduire-le-fardeau-du-cancer-au-canada\\\/#primaryimage\"},\"thumbnailUrl\":\"https:\\\/\\\/www.partnershipagainstcancer.ca\\\/wp-content\\\/uploads\\\/2011\\\/05\\\/margawardsmaller.jpg\",\"datePublished\":\"2011-05-25T00:00:00+00:00\",\"dateModified\":\"2017-10-04T14:47:13+00:00\",\"breadcrumb\":{\"@id\":\"https:\\\/\\\/www.partnershipagainstcancer.ca\\\/fr\\\/news-events\\\/news\\\/article\\\/mme-margaret-fitch-reconnue-pour-avoir-contribue-a-reduire-le-fardeau-du-cancer-au-canada\\\/#breadcrumb\"},\"inLanguage\":\"fr-FR\",\"potentialAction\":[{\"@type\":\"ReadAction\",\"target\":[\"https:\\\/\\\/www.partnershipagainstcancer.ca\\\/fr\\\/news-events\\\/news\\\/article\\\/mme-margaret-fitch-reconnue-pour-avoir-contribue-a-reduire-le-fardeau-du-cancer-au-canada\\\/\"]}]},{\"@type\":\"ImageObject\",\"inLanguage\":\"fr-FR\",\"@id\":\"https:\\\/\\\/www.partnershipagainstcancer.ca\\\/fr\\\/news-events\\\/news\\\/article\\\/mme-margaret-fitch-reconnue-pour-avoir-contribue-a-reduire-le-fardeau-du-cancer-au-canada\\\/#primaryimage\",\"url\":\"https:\\\/\\\/www.partnershipagainstcancer.ca\\\/wp-content\\\/uploads\\\/2011\\\/05\\\/margawardsmaller.jpg\",\"contentUrl\":\"https:\\\/\\\/www.partnershipagainstcancer.ca\\\/wp-content\\\/uploads\\\/2011\\\/05\\\/margawardsmaller.jpg\"},{\"@type\":\"BreadcrumbList\",\"@id\":\"https:\\\/\\\/www.partnershipagainstcancer.ca\\\/fr\\\/news-events\\\/news\\\/article\\\/mme-margaret-fitch-reconnue-pour-avoir-contribue-a-reduire-le-fardeau-du-cancer-au-canada\\\/#breadcrumb\",\"itemListElement\":[{\"@type\":\"ListItem\",\"position\":1,\"name\":\"News\",\"item\":\"https:\\\/\\\/www.partnershipagainstcancer.ca\\\/news-events\\\/news\\\/article\\\/\"},{\"@type\":\"ListItem\",\"position\":2,\"name\":\"Dre Margaret Fitch reconnue pour avoir contribu\u00e9 \u00e0\u00a0r\u00e9duire le fardeau du cancer au Canada\"}]},{\"@type\":\"WebSite\",\"@id\":\"https:\\\/\\\/dev.partnershipagainstcancer.ca\\\/#website\",\"url\":\"https:\\\/\\\/dev.partnershipagainstcancer.ca\\\/\",\"name\":\"Canadian Partnership Against Cancer\",\"description\":\"\",\"potentialAction\":[{\"@type\":\"SearchAction\",\"target\":{\"@type\":\"EntryPoint\",\"urlTemplate\":\"https:\\\/\\\/dev.partnershipagainstcancer.ca\\\/?s={search_term_string}\"},\"query-input\":{\"@type\":\"PropertyValueSpecification\",\"valueRequired\":true,\"valueName\":\"search_term_string\"}}],\"inLanguage\":\"fr-FR\"}]}<\/script>\n<!-- \/ Yoast SEO plugin. -->","yoast_head_json":{"title":"Canadian Partnership Against Cancer","robots":{"index":"index","follow":"follow","max-snippet":"max-snippet:-1","max-image-preview":"max-image-preview:large","max-video-preview":"max-video-preview:-1"},"canonical":"https:\/\/www.partnershipagainstcancer.ca\/fr\/news-events\/news\/article\/mme-margaret-fitch-reconnue-pour-avoir-contribue-a-reduire-le-fardeau-du-cancer-au-canada\/","og_locale":"fr_FR","og_type":"article","og_title":"Dre Margaret Fitch reconnue pour avoir contribu\u00e9 \u00e0\u00a0r\u00e9duire le fardeau du cancer au Canada - Canadian Partnership Against Cancer","og_description":"Le Partenariat est heureux de f\u00e9liciter la Dre\u00a0Margaret Fitch, qui a m\u00e9rit\u00e9 r\u00e9cemment le Prix d\u2019excellence en m\u00e9decine et en sant\u00e9 2011 de la Soci\u00e9t\u00e9 canadienne du cancer. Mme Fitch, qui occupe actuellement le poste de pr\u00e9sidente du groupe consultatif sur l\u2019exp\u00e9rience globale du cancer du Partenariat, est directrice des soins infirmiers en oncologie et [&hellip;]","og_url":"https:\/\/www.partnershipagainstcancer.ca\/fr\/news-events\/news\/article\/mme-margaret-fitch-reconnue-pour-avoir-contribue-a-reduire-le-fardeau-du-cancer-au-canada\/","og_site_name":"Canadian Partnership Against Cancer","article_publisher":"https:\/\/www.facebook.com\/CanadianPartnershipAgainstCancer\/","article_modified_time":"2017-10-04T14:47:13+00:00","og_image":[{"url":"https:\/\/www.partnershipagainstcancer.ca\/wp-content\/uploads\/2011\/05\/margawardsmaller.jpg","type":"","width":"","height":""}],"twitter_card":"summary_large_image","twitter_site":"@cancerstratca","twitter_misc":{"Dur\u00e9e de lecture estim\u00e9e":"1 minute"},"schema":{"@context":"https:\/\/schema.org","@graph":[{"@type":"WebPage","@id":"https:\/\/www.partnershipagainstcancer.ca\/fr\/news-events\/news\/article\/mme-margaret-fitch-reconnue-pour-avoir-contribue-a-reduire-le-fardeau-du-cancer-au-canada\/","url":"https:\/\/www.partnershipagainstcancer.ca\/fr\/news-events\/news\/article\/mme-margaret-fitch-reconnue-pour-avoir-contribue-a-reduire-le-fardeau-du-cancer-au-canada\/","name":"Dre Margaret Fitch reconnue pour avoir contribu\u00e9 \u00e0\u00a0r\u00e9duire le fardeau du cancer au Canada - Canadian Partnership Against Cancer","isPartOf":{"@id":"https:\/\/dev.partnershipagainstcancer.ca\/#website"},"primaryImageOfPage":{"@id":"https:\/\/www.partnershipagainstcancer.ca\/fr\/news-events\/news\/article\/mme-margaret-fitch-reconnue-pour-avoir-contribue-a-reduire-le-fardeau-du-cancer-au-canada\/#primaryimage"},"image":{"@id":"https:\/\/www.partnershipagainstcancer.ca\/fr\/news-events\/news\/article\/mme-margaret-fitch-reconnue-pour-avoir-contribue-a-reduire-le-fardeau-du-cancer-au-canada\/#primaryimage"},"thumbnailUrl":"https:\/\/www.partnershipagainstcancer.ca\/wp-content\/uploads\/2011\/05\/margawardsmaller.jpg","datePublished":"2011-05-25T00:00:00+00:00","dateModified":"2017-10-04T14:47:13+00:00","breadcrumb":{"@id":"https:\/\/www.partnershipagainstcancer.ca\/fr\/news-events\/news\/article\/mme-margaret-fitch-reconnue-pour-avoir-contribue-a-reduire-le-fardeau-du-cancer-au-canada\/#breadcrumb"},"inLanguage":"fr-FR","potentialAction":[{"@type":"ReadAction","target":["https:\/\/www.partnershipagainstcancer.ca\/fr\/news-events\/news\/article\/mme-margaret-fitch-reconnue-pour-avoir-contribue-a-reduire-le-fardeau-du-cancer-au-canada\/"]}]},{"@type":"ImageObject","inLanguage":"fr-FR","@id":"https:\/\/www.partnershipagainstcancer.ca\/fr\/news-events\/news\/article\/mme-margaret-fitch-reconnue-pour-avoir-contribue-a-reduire-le-fardeau-du-cancer-au-canada\/#primaryimage","url":"https:\/\/www.partnershipagainstcancer.ca\/wp-content\/uploads\/2011\/05\/margawardsmaller.jpg","contentUrl":"https:\/\/www.partnershipagainstcancer.ca\/wp-content\/uploads\/2011\/05\/margawardsmaller.jpg"},{"@type":"BreadcrumbList","@id":"https:\/\/www.partnershipagainstcancer.ca\/fr\/news-events\/news\/article\/mme-margaret-fitch-reconnue-pour-avoir-contribue-a-reduire-le-fardeau-du-cancer-au-canada\/#breadcrumb","itemListElement":[{"@type":"ListItem","position":1,"name":"News","item":"https:\/\/www.partnershipagainstcancer.ca\/news-events\/news\/article\/"},{"@type":"ListItem","position":2,"name":"Dre Margaret Fitch reconnue pour avoir contribu\u00e9 \u00e0\u00a0r\u00e9duire le fardeau du cancer au Canada"}]},{"@type":"WebSite","@id":"https:\/\/dev.partnershipagainstcancer.ca\/#website","url":"https:\/\/dev.partnershipagainstcancer.ca\/","name":"Canadian Partnership Against Cancer","description":"","potentialAction":[{"@type":"SearchAction","target":{"@type":"EntryPoint","urlTemplate":"https:\/\/dev.partnershipagainstcancer.ca\/?s={search_term_string}"},"query-input":{"@type":"PropertyValueSpecification","valueRequired":true,"valueName":"search_term_string"}}],"inLanguage":"fr-FR"}]}},"_links":{"self":[{"href":"https:\/\/www.partnershipagainstcancer.ca\/fr\/wp-json\/wp\/v2\/news-events\/33019","targetHints":{"allow":["GET"]}}],"collection":[{"href":"https:\/\/www.partnershipagainstcancer.ca\/fr\/wp-json\/wp\/v2\/news-events"}],"about":[{"href":"https:\/\/www.partnershipagainstcancer.ca\/fr\/wp-json\/wp\/v2\/types\/news-events"}],"author":[{"embeddable":true,"href":"https:\/\/www.partnershipagainstcancer.ca\/fr\/wp-json\/wp\/v2\/users\/2"}],"wp:attachment":[{"href":"https:\/\/www.partnershipagainstcancer.ca\/fr\/wp-json\/wp\/v2\/media?parent=33019"}],"wp:term":[{"taxonomy":"news_events_categories","embeddable":true,"href":"https:\/\/www.partnershipagainstcancer.ca\/fr\/wp-json\/wp\/v2\/news_events_categories?post=33019"}],"curies":[{"name":"wp","href":"https:\/\/api.w.org\/{rel}","templated":true}]}}