{"id":32989,"date":"2010-07-30T00:00:00","date_gmt":"2010-07-30T00:00:00","guid":{"rendered":"https:\/\/www.partnershipagainstcancer.ca\/news\/news_events\/travailler-pour-ralentir-lincidence-croissante-des-cas-de-cancer-de-la-peau-au-canada\/"},"modified":"2017-09-28T19:08:17","modified_gmt":"2017-09-28T19:08:17","slug":"travailler-pour-ralentir-lincidence-croissante-des-cas-de-cancer-de-la-peau-au-canada","status":"publish","type":"news-events","link":"https:\/\/www.partnershipagainstcancer.ca\/fr\/news-events\/news\/article\/travailler-pour-ralentir-lincidence-croissante-des-cas-de-cancer-de-la-peau-au-canada\/","title":{"rendered":"Travailler pour ralentir l&rsquo;incidence croissante des cas de cancer de la peau au Canada"},"content":{"rendered":"<p>Un nouveau rapport du Partenariat, intitul\u00e9 <strong>Fardeau \u00e9conomique du cancer de la peau au Canada : Situation actuelle et projections<\/strong>, \u00e9tudie les cas de cancer de la peau, qu\u2019ils soient m\u00e9laniques ou non, et \u00e9value de quelle mani\u00e8re l\u2019adoption d\u2019un programme global de pr\u00e9vention du cancer pourrait contribuer \u00e0 r\u00e9duire le nombre de cas de cancer de la peau et de d\u00e9c\u00e8s attribuables \u00e0 ce type de cancer, ainsi que les co\u00fbts associ\u00e9s \u00e0 cette maladie.<\/p>\n<p>Le rapport souligne que le m\u00e9lanome est responsable de la majorit\u00e9 des d\u00e9c\u00e8s attribuables au cancer de la peau, m\u00eame s\u2019il ne repr\u00e9sente qu\u2019environ 4 % de l\u2019ensemble des cas de cancer de la peau. Il r\u00e9v\u00e8le \u00e9galement que 4 600 cas de m\u00e9lanome auraient \u00e9t\u00e9 diagnostiqu\u00e9s au Canada en 2008.<\/p>\n<p><img loading=\"lazy\" decoding=\"async\" class=\"alignleft size-full wp-image-1070\" style=\"margin-top: 10px;\" src=\"https:\/\/www.partnershipagainstcancer.ca\/wp-content\/uploads\/2010\/10\/img20100623_story31.jpg\" alt=\"\" width=\"215\" height=\"141\" \/><\/p>\n<p>Selon le rapport, le risque de d\u00e9velopper un m\u00e9lanome rel\u00e8ve de plusieurs facteurs, dont l\u2019exposition au soleil, la pr\u00e9sence de m\u00f4les, les ant\u00e9c\u00e9dents familiaux et le teint de la peau (comme indicateur de la sensibilit\u00e9 de la peau). Une trop grande exposition aux rayons ultraviolets accro\u00eet les risques de d\u00e9velopper une forme quelconque de cancer de la peau, particuli\u00e8rement le m\u00e9lanome. La lumi\u00e8re du soleil \u00e9tant une source consid\u00e9rable de rayons ultraviolets, on consid\u00e8re que les coups de soleil contract\u00e9s pendant l\u2019enfance et l\u2019exposition cumulative aux rayons solaires constituent des facteurs de risque propres \u00e0 la maladie. La protection contre le soleil devrait donc figurer au premier plan des efforts de pr\u00e9vention primaire du cancer de la peau et d\u2019all\u00e9gement du fardeau \u00e9conomique qui en d\u00e9coule.<\/p>\n<p>La distribution selon l\u2019\u00e2ge des personnes atteintes d\u2019un m\u00e9lanome est tr\u00e8s vari\u00e9e. Alors que les personnes \u00e2g\u00e9es de 80 ans ou plus sont celles qui en affichent la pr\u00e9valence la plus \u00e9lev\u00e9e, il n\u2019en est pas moins l\u2019un des types de cancer les plus courants chez les adolescents et les jeunes adultes. Au Canada, le m\u00e9lanome est le troisi\u00e8me type le plus courant de cancer chez les femmes \u00e2g\u00e9es de 15 \u00e0 29 ans, et le quatri\u00e8me type le plus courant de cancer chez les hommes appartenant au m\u00eame groupe d\u2019\u00e2ge. On s\u2019attend \u00e0 ce que le vieillissement de la population au cours des prochaines d\u00e9cennies engendre une augmentation consid\u00e9rable du nombre total des cas de cancer de la peau, qu\u2019ils soient m\u00e9laniques ou non, d\u2019o\u00f9 l\u2019importance que nous nous devons d\u2019accorder aux programmes de pr\u00e9vention.<\/p>\n<p>Le Comit\u00e9 national de pr\u00e9vention du cancer de la peau, un ancien comit\u00e9 du Groupe d\u2019action pour la pr\u00e9vention primaire du Partenariat canadien contre le cancer, a parrain\u00e9 le rapport Fardeau \u00e9conomique du cancer de la peau au Canada.<\/p>\n","protected":false},"excerpt":{"rendered":"<p>Un nouveau rapport du Partenariat, intitul\u00e9 Fardeau \u00e9conomique du cancer de la peau au Canada : Situation actuelle et projections, \u00e9tudie les cas de cancer de la peau, qu\u2019ils soient m\u00e9laniques ou non, et \u00e9value de quelle mani\u00e8re l\u2019adoption d\u2019un programme global de pr\u00e9vention du cancer pourrait contribuer \u00e0 r\u00e9duire le nombre de cas de [&hellip;]<\/p>\n","protected":false},"author":2,"featured_media":0,"menu_order":0,"template":"","news_events_categories":[1029],"class_list":["post-32989","news-events","type-news-events","status-publish","hentry","news_events_categories-nouvelles"],"acf":[],"yoast_head":"<!-- This site is optimized with the Yoast SEO plugin v27.3 - https:\/\/yoast.com\/product\/yoast-seo-wordpress\/ -->\n<title>Canadian Partnership Against Cancer<\/title>\n<meta name=\"robots\" content=\"index, follow, max-snippet:-1, max-image-preview:large, max-video-preview:-1\" \/>\n<link rel=\"canonical\" href=\"https:\/\/www.partnershipagainstcancer.ca\/fr\/news-events\/news\/article\/travailler-pour-ralentir-lincidence-croissante-des-cas-de-cancer-de-la-peau-au-canada\/\" \/>\n<meta property=\"og:locale\" content=\"fr_FR\" \/>\n<meta property=\"og:type\" content=\"article\" \/>\n<meta property=\"og:title\" content=\"Travailler pour ralentir l&#039;incidence croissante des cas de cancer de la peau au Canada - Canadian Partnership Against Cancer\" \/>\n<meta property=\"og:description\" content=\"Un nouveau rapport du Partenariat, intitul\u00e9 Fardeau \u00e9conomique du cancer de la peau au Canada : Situation actuelle et projections, \u00e9tudie les cas de cancer de la peau, qu\u2019ils soient m\u00e9laniques ou non, et \u00e9value de quelle mani\u00e8re l\u2019adoption d\u2019un programme global de pr\u00e9vention du cancer pourrait contribuer \u00e0 r\u00e9duire le nombre de cas de [&hellip;]\" \/>\n<meta property=\"og:url\" content=\"https:\/\/www.partnershipagainstcancer.ca\/fr\/news-events\/news\/article\/travailler-pour-ralentir-lincidence-croissante-des-cas-de-cancer-de-la-peau-au-canada\/\" \/>\n<meta property=\"og:site_name\" content=\"Canadian Partnership Against Cancer\" \/>\n<meta property=\"article:publisher\" content=\"https:\/\/www.facebook.com\/CanadianPartnershipAgainstCancer\/\" \/>\n<meta property=\"article:modified_time\" content=\"2017-09-28T19:08:17+00:00\" \/>\n<meta property=\"og:image\" content=\"https:\/\/www.partnershipagainstcancer.ca\/wp-content\/uploads\/2010\/10\/img20100623_story31.jpg\" \/>\n<meta name=\"twitter:card\" content=\"summary_large_image\" \/>\n<meta name=\"twitter:site\" content=\"@cancerstratca\" \/>\n<meta name=\"twitter:label1\" content=\"Dur\u00e9e de lecture estim\u00e9e\" \/>\n\t<meta name=\"twitter:data1\" content=\"2 minutes\" \/>\n<script type=\"application\/ld+json\" class=\"yoast-schema-graph\">{\"@context\":\"https:\\\/\\\/schema.org\",\"@graph\":[{\"@type\":\"WebPage\",\"@id\":\"https:\\\/\\\/www.partnershipagainstcancer.ca\\\/fr\\\/news-events\\\/news\\\/article\\\/travailler-pour-ralentir-lincidence-croissante-des-cas-de-cancer-de-la-peau-au-canada\\\/\",\"url\":\"https:\\\/\\\/www.partnershipagainstcancer.ca\\\/fr\\\/news-events\\\/news\\\/article\\\/travailler-pour-ralentir-lincidence-croissante-des-cas-de-cancer-de-la-peau-au-canada\\\/\",\"name\":\"Travailler pour ralentir l'incidence croissante des cas de cancer de la peau au Canada - Canadian Partnership Against Cancer\",\"isPartOf\":{\"@id\":\"https:\\\/\\\/dev.partnershipagainstcancer.ca\\\/#website\"},\"primaryImageOfPage\":{\"@id\":\"https:\\\/\\\/www.partnershipagainstcancer.ca\\\/fr\\\/news-events\\\/news\\\/article\\\/travailler-pour-ralentir-lincidence-croissante-des-cas-de-cancer-de-la-peau-au-canada\\\/#primaryimage\"},\"image\":{\"@id\":\"https:\\\/\\\/www.partnershipagainstcancer.ca\\\/fr\\\/news-events\\\/news\\\/article\\\/travailler-pour-ralentir-lincidence-croissante-des-cas-de-cancer-de-la-peau-au-canada\\\/#primaryimage\"},\"thumbnailUrl\":\"https:\\\/\\\/www.partnershipagainstcancer.ca\\\/wp-content\\\/uploads\\\/2010\\\/10\\\/img20100623_story31.jpg\",\"datePublished\":\"2010-07-30T00:00:00+00:00\",\"dateModified\":\"2017-09-28T19:08:17+00:00\",\"breadcrumb\":{\"@id\":\"https:\\\/\\\/www.partnershipagainstcancer.ca\\\/fr\\\/news-events\\\/news\\\/article\\\/travailler-pour-ralentir-lincidence-croissante-des-cas-de-cancer-de-la-peau-au-canada\\\/#breadcrumb\"},\"inLanguage\":\"fr-FR\",\"potentialAction\":[{\"@type\":\"ReadAction\",\"target\":[\"https:\\\/\\\/www.partnershipagainstcancer.ca\\\/fr\\\/news-events\\\/news\\\/article\\\/travailler-pour-ralentir-lincidence-croissante-des-cas-de-cancer-de-la-peau-au-canada\\\/\"]}]},{\"@type\":\"ImageObject\",\"inLanguage\":\"fr-FR\",\"@id\":\"https:\\\/\\\/www.partnershipagainstcancer.ca\\\/fr\\\/news-events\\\/news\\\/article\\\/travailler-pour-ralentir-lincidence-croissante-des-cas-de-cancer-de-la-peau-au-canada\\\/#primaryimage\",\"url\":\"https:\\\/\\\/www.partnershipagainstcancer.ca\\\/wp-content\\\/uploads\\\/2010\\\/10\\\/img20100623_story31.jpg\",\"contentUrl\":\"https:\\\/\\\/www.partnershipagainstcancer.ca\\\/wp-content\\\/uploads\\\/2010\\\/10\\\/img20100623_story31.jpg\"},{\"@type\":\"BreadcrumbList\",\"@id\":\"https:\\\/\\\/www.partnershipagainstcancer.ca\\\/fr\\\/news-events\\\/news\\\/article\\\/travailler-pour-ralentir-lincidence-croissante-des-cas-de-cancer-de-la-peau-au-canada\\\/#breadcrumb\",\"itemListElement\":[{\"@type\":\"ListItem\",\"position\":1,\"name\":\"News\",\"item\":\"https:\\\/\\\/www.partnershipagainstcancer.ca\\\/news-events\\\/news\\\/article\\\/\"},{\"@type\":\"ListItem\",\"position\":2,\"name\":\"Travailler pour ralentir l&rsquo;incidence croissante des cas de cancer de la peau au Canada\"}]},{\"@type\":\"WebSite\",\"@id\":\"https:\\\/\\\/dev.partnershipagainstcancer.ca\\\/#website\",\"url\":\"https:\\\/\\\/dev.partnershipagainstcancer.ca\\\/\",\"name\":\"Canadian Partnership Against Cancer\",\"description\":\"\",\"potentialAction\":[{\"@type\":\"SearchAction\",\"target\":{\"@type\":\"EntryPoint\",\"urlTemplate\":\"https:\\\/\\\/dev.partnershipagainstcancer.ca\\\/?s={search_term_string}\"},\"query-input\":{\"@type\":\"PropertyValueSpecification\",\"valueRequired\":true,\"valueName\":\"search_term_string\"}}],\"inLanguage\":\"fr-FR\"}]}<\/script>\n<!-- \/ Yoast SEO plugin. -->","yoast_head_json":{"title":"Canadian Partnership Against Cancer","robots":{"index":"index","follow":"follow","max-snippet":"max-snippet:-1","max-image-preview":"max-image-preview:large","max-video-preview":"max-video-preview:-1"},"canonical":"https:\/\/www.partnershipagainstcancer.ca\/fr\/news-events\/news\/article\/travailler-pour-ralentir-lincidence-croissante-des-cas-de-cancer-de-la-peau-au-canada\/","og_locale":"fr_FR","og_type":"article","og_title":"Travailler pour ralentir l'incidence croissante des cas de cancer de la peau au Canada - Canadian Partnership Against Cancer","og_description":"Un nouveau rapport du Partenariat, intitul\u00e9 Fardeau \u00e9conomique du cancer de la peau au Canada : Situation actuelle et projections, \u00e9tudie les cas de cancer de la peau, qu\u2019ils soient m\u00e9laniques ou non, et \u00e9value de quelle mani\u00e8re l\u2019adoption d\u2019un programme global de pr\u00e9vention du cancer pourrait contribuer \u00e0 r\u00e9duire le nombre de cas de [&hellip;]","og_url":"https:\/\/www.partnershipagainstcancer.ca\/fr\/news-events\/news\/article\/travailler-pour-ralentir-lincidence-croissante-des-cas-de-cancer-de-la-peau-au-canada\/","og_site_name":"Canadian Partnership Against Cancer","article_publisher":"https:\/\/www.facebook.com\/CanadianPartnershipAgainstCancer\/","article_modified_time":"2017-09-28T19:08:17+00:00","og_image":[{"url":"https:\/\/www.partnershipagainstcancer.ca\/wp-content\/uploads\/2010\/10\/img20100623_story31.jpg","type":"","width":"","height":""}],"twitter_card":"summary_large_image","twitter_site":"@cancerstratca","twitter_misc":{"Dur\u00e9e de lecture estim\u00e9e":"2 minutes"},"schema":{"@context":"https:\/\/schema.org","@graph":[{"@type":"WebPage","@id":"https:\/\/www.partnershipagainstcancer.ca\/fr\/news-events\/news\/article\/travailler-pour-ralentir-lincidence-croissante-des-cas-de-cancer-de-la-peau-au-canada\/","url":"https:\/\/www.partnershipagainstcancer.ca\/fr\/news-events\/news\/article\/travailler-pour-ralentir-lincidence-croissante-des-cas-de-cancer-de-la-peau-au-canada\/","name":"Travailler pour ralentir l'incidence croissante des cas de cancer de la peau au Canada - Canadian Partnership Against Cancer","isPartOf":{"@id":"https:\/\/dev.partnershipagainstcancer.ca\/#website"},"primaryImageOfPage":{"@id":"https:\/\/www.partnershipagainstcancer.ca\/fr\/news-events\/news\/article\/travailler-pour-ralentir-lincidence-croissante-des-cas-de-cancer-de-la-peau-au-canada\/#primaryimage"},"image":{"@id":"https:\/\/www.partnershipagainstcancer.ca\/fr\/news-events\/news\/article\/travailler-pour-ralentir-lincidence-croissante-des-cas-de-cancer-de-la-peau-au-canada\/#primaryimage"},"thumbnailUrl":"https:\/\/www.partnershipagainstcancer.ca\/wp-content\/uploads\/2010\/10\/img20100623_story31.jpg","datePublished":"2010-07-30T00:00:00+00:00","dateModified":"2017-09-28T19:08:17+00:00","breadcrumb":{"@id":"https:\/\/www.partnershipagainstcancer.ca\/fr\/news-events\/news\/article\/travailler-pour-ralentir-lincidence-croissante-des-cas-de-cancer-de-la-peau-au-canada\/#breadcrumb"},"inLanguage":"fr-FR","potentialAction":[{"@type":"ReadAction","target":["https:\/\/www.partnershipagainstcancer.ca\/fr\/news-events\/news\/article\/travailler-pour-ralentir-lincidence-croissante-des-cas-de-cancer-de-la-peau-au-canada\/"]}]},{"@type":"ImageObject","inLanguage":"fr-FR","@id":"https:\/\/www.partnershipagainstcancer.ca\/fr\/news-events\/news\/article\/travailler-pour-ralentir-lincidence-croissante-des-cas-de-cancer-de-la-peau-au-canada\/#primaryimage","url":"https:\/\/www.partnershipagainstcancer.ca\/wp-content\/uploads\/2010\/10\/img20100623_story31.jpg","contentUrl":"https:\/\/www.partnershipagainstcancer.ca\/wp-content\/uploads\/2010\/10\/img20100623_story31.jpg"},{"@type":"BreadcrumbList","@id":"https:\/\/www.partnershipagainstcancer.ca\/fr\/news-events\/news\/article\/travailler-pour-ralentir-lincidence-croissante-des-cas-de-cancer-de-la-peau-au-canada\/#breadcrumb","itemListElement":[{"@type":"ListItem","position":1,"name":"News","item":"https:\/\/www.partnershipagainstcancer.ca\/news-events\/news\/article\/"},{"@type":"ListItem","position":2,"name":"Travailler pour ralentir l&rsquo;incidence croissante des cas de cancer de la peau au Canada"}]},{"@type":"WebSite","@id":"https:\/\/dev.partnershipagainstcancer.ca\/#website","url":"https:\/\/dev.partnershipagainstcancer.ca\/","name":"Canadian Partnership Against Cancer","description":"","potentialAction":[{"@type":"SearchAction","target":{"@type":"EntryPoint","urlTemplate":"https:\/\/dev.partnershipagainstcancer.ca\/?s={search_term_string}"},"query-input":{"@type":"PropertyValueSpecification","valueRequired":true,"valueName":"search_term_string"}}],"inLanguage":"fr-FR"}]}},"_links":{"self":[{"href":"https:\/\/www.partnershipagainstcancer.ca\/fr\/wp-json\/wp\/v2\/news-events\/32989","targetHints":{"allow":["GET"]}}],"collection":[{"href":"https:\/\/www.partnershipagainstcancer.ca\/fr\/wp-json\/wp\/v2\/news-events"}],"about":[{"href":"https:\/\/www.partnershipagainstcancer.ca\/fr\/wp-json\/wp\/v2\/types\/news-events"}],"author":[{"embeddable":true,"href":"https:\/\/www.partnershipagainstcancer.ca\/fr\/wp-json\/wp\/v2\/users\/2"}],"wp:attachment":[{"href":"https:\/\/www.partnershipagainstcancer.ca\/fr\/wp-json\/wp\/v2\/media?parent=32989"}],"wp:term":[{"taxonomy":"news_events_categories","embeddable":true,"href":"https:\/\/www.partnershipagainstcancer.ca\/fr\/wp-json\/wp\/v2\/news_events_categories?post=32989"}],"curies":[{"name":"wp","href":"https:\/\/api.w.org\/{rel}","templated":true}]}}