{"id":32981,"date":"2009-04-21T00:00:00","date_gmt":"2009-04-21T00:00:00","guid":{"rendered":"https:\/\/www.partnershipagainstcancer.ca\/news\/news_events\/le-president-sortant-jeff-lozon-nous-fait-part-de-ses-reflexions-sur-les-30-premiers-mois-du-partenariat\/"},"modified":"2017-09-26T16:22:07","modified_gmt":"2017-09-26T16:22:07","slug":"le-president-sortant-jeff-lozon-nous-fait-part-de-ses-reflexions-sur-les-30-premiers-mois-du-partenariat","status":"publish","type":"news-events","link":"https:\/\/www.partnershipagainstcancer.ca\/fr\/news-events\/news\/article\/le-president-sortant-jeff-lozon-nous-fait-part-de-ses-reflexions-sur-les-30-premiers-mois-du-partenariat\/","title":{"rendered":"Le pr\u00e9sident sortant, Jeff Lozon, nous fait part de ses r\u00e9flexions sur les 30 premiers mois du Partenariat"},"content":{"rendered":"<h3><strong>Q. En 2006, vous avez accept\u00e9 le poste d\u00e9terminant de premier pr\u00e9sident du conseil du Partenariat, avant qu&rsquo;il y ait du personnel ou m\u00eame un bureau. Il n&rsquo;y avait que vous, le Dr Simon Sutcliffe, vice-pr\u00e9sident, et les membres du conseil int\u00e9rimaire. Comment \u00e9tait-ce pour vous au d\u00e9but?<\/strong><\/h3>\n<figure id=\"attachment_486\" aria-describedby=\"caption-attachment-486\" style=\"width: 120px\" class=\"wp-caption alignleft\"><img loading=\"lazy\" decoding=\"async\" class=\"wp-image-486 size-full\" style=\"margin-top: 10px;\" title=\"Jeff Lozon\" src=\"https:\/\/www.partnershipagainstcancer.ca\/wp-content\/uploads\/2010\/06\/Lozon_web.jpg\" alt=\"Jeff Lozon\" width=\"120\" height=\"147\" \/><figcaption id=\"caption-attachment-486\" class=\"wp-caption-text\">Jeff Lozon<\/figcaption><\/figure>\n<p><strong>R.<\/strong> Il faut noter que le Partenariat avait r\u00e9ellement d\u00e9but\u00e9 des ann\u00e9es auparavant, alors que des milliers de personnes travaillaient \u00e0 \u00e9laborer la Strat\u00e9gie canadienne de lutte contre le cancer.<\/p>\n<p>Quand le gouvernement f\u00e9d\u00e9ral a annonc\u00e9 le lancement du Partenariat en novembre 2006, nous avons eu d&rsquo;\u00e9normes d\u00e9fis \u00e0 relever en peu de temps. Nous avons form\u00e9 l&rsquo;\u00e9quipe de transition qui \u00e9tait responsable de n\u00e9gocier en d\u00e9tail les accords de financement int\u00e9rimaires et \u00e0 long terme. Et conclure ces accords repr\u00e9sentait toute une t\u00e2che!<\/p>\n<p>Nous avons aussi d\u00fb revoir le document de la Strat\u00e9gie avec ses auteurs. Nous avons pass\u00e9 pas mal de temps \u00e0 travailler avec les groupes d&rsquo;action existants, \u00e0 expliquer ce qui devait \u00eatre fait pour que l&rsquo;on puisse convertir le document de la Strat\u00e9gie en programmes.<\/p>\n<p>Former le conseil n&rsquo;a pas \u00e9t\u00e9 une mince affaire non plus. Mais nous avons eu la chance de trouver les bonnes personnes et, ensuite, nous avons eu la chance qu&rsquo;il y ait un consensus entre elles d\u00e8s le d\u00e9part. Cela t\u00e9moigne de la qualit\u00e9 de la Strat\u00e9gie, et de la promesse que le Partenariat repr\u00e9sente.<\/p>\n<p>En tout, la phase de d\u00e9marrage du Partenariat a exig\u00e9 une bonne ann\u00e9e de travail. Nous devions nous occuper de ces grosses t\u00e2ches, mais aussi des plus petites t\u00e2ches, comme trouver des locaux, conclure des contrats de location, et ainsi de suite. On soulevait de nouvelles montagnes chaque jour.<\/p>\n<h3><strong>Q. Y a-t-il eu un moment fort?<\/strong><\/h3>\n<figure id=\"attachment_488\" aria-describedby=\"caption-attachment-488\" style=\"width: 220px\" class=\"wp-caption alignright\"><img loading=\"lazy\" decoding=\"async\" class=\"wp-image-488 size-full\" style=\"margin-top: 10px;\" title=\"Jeff Lozon, Tony Clement et Dr Simon Sutcliffe\" src=\"https:\/\/www.partnershipagainstcancer.ca\/wp-content\/uploads\/2010\/06\/Lozon_Clement_Sutcliffe1.jpg\" alt=\"Jeff Lozon, Tony Clement, ministre de la Sant\u00e9 de l'\u00e9poque et Dr Simon Sutcliffe (printemps 2007)\" width=\"220\" height=\"149\" \/><figcaption id=\"caption-attachment-488\" class=\"wp-caption-text\">Jeff Lozon, Tony Clement, ministre de la Sant\u00e9 de l&rsquo;\u00e9poque et D<sup>r<\/sup> Simon Sutcliffe (printemps 2007)<\/figcaption><\/figure>\n<p><strong>R.<\/strong> Oui, la p\u00e9riode entourant l&rsquo;annonce du Partenariat par le premier ministre \u00e9tait tr\u00e8s stimulante et nous rendait euphoriques. Cette annonce (en novembre 2006) a marqu\u00e9 un haut degr\u00e9 de r\u00e9ussite pour toute la communaut\u00e9 de lutte contre le cancer et tous les efforts que ses membres avaient investis dans la Strat\u00e9gie. Ce fut un moment fort pour tout le monde lorsque la Strat\u00e9gie est devenue r\u00e9alit\u00e9.<\/p>\n<p>Un autre moment marquant pour moi fut la premi\u00e8re r\u00e9union du conseil, qui rassemblait pour la premi\u00e8re fois dans une m\u00eame pi\u00e8ce tous ces b\u00e9n\u00e9voles engag\u00e9s venant des quatre coins du pays.<\/p>\n<p>Sur le plan personnel, ce qui m&rsquo;a marqu\u00e9 le plus au cours de mon mandat fut de rencontrer un tr\u00e8s grand nombre de gens exceptionnels, et de voir l&rsquo;espoir que les gens mettent dans ce projet d\u0092un bout \u00e0 l&rsquo;autre du Canada.<\/p>\n<h3><strong>Q. Y a-t-il eu un d\u00e9fi particulier \u00e0 relever dans la phase de d\u00e9marrage?<\/strong><\/h3>\n<p><strong>R.<\/strong> Tout d&rsquo;abord, il ne s&rsquo;agissait pas d\u0092un d\u00e9marrage de projet comme les autres, parce que bien que l&rsquo;on mettait sur pied l&rsquo;organisation elle-m\u00eame, les groupes d&rsquo;action \u00e9taient d\u00e9j\u00e0 \u00e0 l&rsquo;oeuvre et avaient besoin d\u0092un soutien imm\u00e9diat.<\/p>\n<p>Nous avons \u00e9galement d\u00fb g\u00e9rer les attentes. La communaut\u00e9 du cancer toute enti\u00e8re s&rsquo;est lanc\u00e9e dans le projet en ayant de nombreuses attentes \u00e9lev\u00e9es.<\/p>\n<p>De plus, pendant la phase de d\u00e9marrage, il est clairement apparu que nous devions concentrer notre attention sur certains aspects de la Strat\u00e9gie, qui \u00e9tait un document de planification global. Notre principale tche consistait \u00e0 choisir les initiatives dans le cadre desquelles nous pouvions produire des r\u00e9sultats, et y consacrer nos efforts.<\/p>\n<p>Je pense que nous avons fait du bon travail en \u00e9tablissant le Partenariat afin qu&rsquo;il mette en oeuvre la Strat\u00e9gie, et en g\u00e9rant les attentes. Maintenant les gens comprennent qu&rsquo;il s&rsquo;agit d\u0092un marathon, et non d\u0092un sprint.<\/p>\n<h3><strong>Q. Quelle est la diff\u00e9rence entre cr\u00e9er une strat\u00e9gie et une organisation? <\/strong><\/h3>\n<p><strong>R.<\/strong> Quand on passe de l&rsquo;\u00e9tape de la planification \u00e0 l&rsquo;\u00e9tape de l&rsquo;ex\u00e9cution d\u0092un plan, le pouvoir doit changer de mains. Cette transition n&rsquo;est pas facile, mais elle est n\u00e9cessaire. Pour reprendre les paroles de quelqu&rsquo;un, une fois que le financement a \u00e9t\u00e9 annonc\u00e9, la pile de documents est pass\u00e9e du coin du bureau au centre du bureau.<\/p>\n<p>Des centaines de personnes ont particip\u00e9 \u00e0 la cr\u00e9ation du document sur la Strat\u00e9gie, et elles peuvent toutes \u00eatre fi\u00e8res de leur contribution. Quand le Partenariat a d\u00e9but\u00e9, les efforts sont devenus mieux cibl\u00e9s. Je pense que le Partenariat a bien g\u00e9r\u00e9 cette transition. Nous avons \u00e9galement int\u00e9gr\u00e9 d&rsquo;autres personnes au groupe, ce qui est stimulant.<\/p>\n<blockquote><p>\u00ab En ce moment, on s&rsquo;en tire bien sur tous les fronts : on a un fort taux de participation sur le terrain et une organisation capable d&rsquo;honorer ses engagements. \u00bb<\/p>\n<p><strong>\u0097 Le Pr\u00e9sident du Partenariat, Jeff Lozon<\/strong><\/p><\/blockquote>\n<p>Quand le Partenariat a \u00e9t\u00e9 annonc\u00e9, je me suis senti d\u00e9sorient\u00e9. Je me suis dit : \u00ab Je fais quoi maintenant? \u00bb C&rsquo;est une chose de demander des fonds, mais c&rsquo;en est une autre de les d\u00e9penser intelligemment et de mettre en \u009cuvre une structure sens\u00e9e. Par exemple, les groupes d&rsquo;action qui s&rsquo;\u00e9taient form\u00e9s avant l&rsquo;\u00e9tablissement du Partenariat ont d\u00fb faire diff\u00e9rentes choses dans des d\u00e9lais serr\u00e9s. Ce fut une transition essentielle.<\/p>\n<p>Je crois qu&rsquo;en ce moment, on s&rsquo;en tire bien sur tous les fronts : on a un fort taux de participation sur le terrain et une organisation capable d&rsquo;honorer ses engagements.<\/p>\n<h3><strong>Q. D&rsquo;apr\u00e8s vous, qu&rsquo;est-ce qui est unique au Partenariat?<\/strong><\/h3>\n<p><strong>R.<\/strong> Le caract\u00e8re unique du Partenariat rel\u00e8ve de trois principes. Premi\u00e8rement, l&rsquo;organisation a \u00e9t\u00e9 cr\u00e9\u00e9e pour ex\u00e9cuter une strat\u00e9gie qui existait d\u00e9j\u00e0. d\u0092uxi\u00e8mement, ce processus mettait \u00e0 contribution une large gamme d&rsquo;intervenants, y compris les gouvernements f\u00e9d\u00e9ral et provinciaux, les organismes provinciaux de lutte contre le cancer, les organismes de patients et de survivants, et des dizaines d&rsquo;autres organismes. Le r\u00f4le du patient et du survivant est crucial et unique, et le fait que le Partenariat soit une organisation nationale est une caract\u00e9ristique importante. Troisi\u00e8mement, cette organisation se concentre sur la \u00ab lutte \u00bb contre une seule maladie \u00e0\u00a0 travers tout le pays.<\/p>\n<p>\u00c0 ma connaissance, le Partenariat est sans pareil.<\/p>\n<h3><strong>Q. En tant que premier pr\u00e9sident du Partenariat, vous avez un point de vue particulier. \u00c0 quoi vous attendez-vous du Partenariat dans cinq ans?<\/strong><\/h3>\n<p><strong>R.<\/strong> Je crois que dans cinq ans le Partenariat sera l&rsquo;organisme de choix pour la lutte contre le cancer au Canada. Il poss\u00e9dera de nombreuses caract\u00e9ristiques nationales et mettra \u00e0 profit tous les intervenants cl\u00e9s et les publics cibles. Je crois aussi qu&rsquo;il sera de plus en plus reconnu sur la sc\u00e8ne internationale, ce qui est important.<\/p>\n<p>Le Partenariat n&rsquo;aura pas n\u00e9cessairement atteint toute sa maturit\u00e9, mais il se sera \u00e9panoui dans son r\u00f4le. Il sera stable et d\u00e9vou\u00e9 \u00e0 la lutte contre le cancer au Canada.<\/p>\n<p>Le gouvernement f\u00e9d\u00e9ral a le m\u00e9rite de vouloir des changements mesurables dans le nombre de personnes qui d\u00e9veloppent le cancer, dans le nombre de personnes qui meurent du cancer et dans la qualit\u00e9 de vie des personnes atteintes du cancer. En bout de ligne, ce sont les crit\u00e8res en fonction desquels le Partenariat sera \u00e9valu\u00e9.<\/p>\n<p>Le Partenariat a l&rsquo;obligation d&rsquo;ex\u00e9cuter le document de planification et cette ex\u00e9cution fait foi de sa promesse.<\/p>\n<h3><strong>Q. Sur le plan personnel, que retirez-vous de votre exp\u00e9rience \u00e0 titre de premier pr\u00e9sident du Partenariat? <\/strong><\/h3>\n<p><strong>R.<\/strong> Quand ma nomination au Partenariat a \u00e9t\u00e9 annonc\u00e9e, j&rsquo;ai re\u00e7u plus d&rsquo;appels et de messages de f\u00e9licitations que jamais auparavant dans mes 30 ans de carri\u00e8re dans le domaine de la sant\u00e9. C&rsquo;\u00e9tait extr\u00eamement emballant de me lancer dans une aventure si louable.<\/p>\n<p>Je me rappelle nettement des patients et des survivants que j&rsquo;ai rencontr\u00e9s dans les premiers jours, de leur passion, de leur bravoure et de leur courage. Leur contribution est remarquable.<\/p>\n<p>En cours de route, nous avons re\u00e7u de l&rsquo;aide du gouvernement f\u00e9d\u00e9ral, des gouvernements provinciaux et territoriaux, des organismes de lutte contre le cancer et des milliers de fournisseurs de soins de sant\u00e9 et de survivants qui ont donn\u00e9 de leur temps et mis \u00e0 contribution leurs comp\u00e9tences pour faire du Partenariat ce qu&rsquo;il est aujourd&rsquo;hui. J&rsquo;ai eu le privil\u00e8ge de participer activement \u00e0 la cr\u00e9ation du Partenariat. Et je continuerai de suivre ses r\u00e9alisations.<\/p>\n<hr style=\"width: 100%;\" \/>\n<p><img loading=\"lazy\" decoding=\"async\" class=\"alignleft wp-image-489 size-full\" title=\"Bulletin \u00e9lectronique du Partenariat canadien contre le cancer\" src=\"https:\/\/www.partnershipagainstcancer.ca\/wp-content\/uploads\/2010\/06\/Newsletter_F_ebulletin.jpg\" alt=\"Bulletin \u00e9lectronique du Partenariat canadien contre le cancer\" width=\"144\" height=\"149\" \/>L&rsquo;article ci-dessus est disponible dans le bulletin d&rsquo;information du Partenariat (\u00e9dition du printemps 2009). Veuillez communiquer avec nous si vous, ou votre organisme, aimeriez des copies imprim\u00e9es du bulletin.<\/p>\n<p><a href=\"http:\/\/www.info-partnershipagainstcancer.ca\/subscribe_fr.asp\">Veuillez vous abonner<\/a> pour recevoir les bulletins \u00e9lectroniques concernant les activit\u00e9s du Partenariat.<\/p>\n","protected":false},"excerpt":{"rendered":"<p>Q. En 2006, vous avez accept\u00e9 le poste d\u00e9terminant de premier pr\u00e9sident du conseil du Partenariat, avant qu&rsquo;il y ait du personnel ou m\u00eame un bureau. Il n&rsquo;y avait que vous, le Dr Simon Sutcliffe, vice-pr\u00e9sident, et les membres du conseil int\u00e9rimaire. Comment \u00e9tait-ce pour vous au d\u00e9but? R. Il faut noter que le Partenariat [&hellip;]<\/p>\n","protected":false},"author":2,"featured_media":0,"menu_order":0,"template":"","news_events_categories":[1029],"class_list":["post-32981","news-events","type-news-events","status-publish","hentry","news_events_categories-nouvelles"],"acf":[],"yoast_head":"<!-- This site is optimized with the Yoast SEO plugin v27.3 - https:\/\/yoast.com\/product\/yoast-seo-wordpress\/ -->\n<title>Canadian Partnership Against Cancer<\/title>\n<meta name=\"robots\" content=\"index, follow, max-snippet:-1, max-image-preview:large, max-video-preview:-1\" \/>\n<link rel=\"canonical\" href=\"https:\/\/www.partnershipagainstcancer.ca\/fr\/news-events\/news\/article\/le-president-sortant-jeff-lozon-nous-fait-part-de-ses-reflexions-sur-les-30-premiers-mois-du-partenariat\/\" \/>\n<meta property=\"og:locale\" content=\"fr_FR\" \/>\n<meta property=\"og:type\" content=\"article\" \/>\n<meta property=\"og:title\" content=\"Le pr\u00e9sident sortant, Jeff Lozon, nous fait part de ses r\u00e9flexions sur les 30 premiers mois du Partenariat - Canadian Partnership Against Cancer\" \/>\n<meta property=\"og:description\" content=\"Q. En 2006, vous avez accept\u00e9 le poste d\u00e9terminant de premier pr\u00e9sident du conseil du Partenariat, avant qu&rsquo;il y ait du personnel ou m\u00eame un bureau. Il n&rsquo;y avait que vous, le Dr Simon Sutcliffe, vice-pr\u00e9sident, et les membres du conseil int\u00e9rimaire. Comment \u00e9tait-ce pour vous au d\u00e9but? R. Il faut noter que le Partenariat [&hellip;]\" \/>\n<meta property=\"og:url\" content=\"https:\/\/www.partnershipagainstcancer.ca\/fr\/news-events\/news\/article\/le-president-sortant-jeff-lozon-nous-fait-part-de-ses-reflexions-sur-les-30-premiers-mois-du-partenariat\/\" \/>\n<meta property=\"og:site_name\" content=\"Canadian Partnership Against Cancer\" \/>\n<meta property=\"article:publisher\" content=\"https:\/\/www.facebook.com\/CanadianPartnershipAgainstCancer\/\" \/>\n<meta property=\"article:modified_time\" content=\"2017-09-26T16:22:07+00:00\" \/>\n<meta property=\"og:image\" content=\"https:\/\/www.partnershipagainstcancer.ca\/wp-content\/uploads\/2010\/06\/Lozon_web.jpg\" \/>\n<meta name=\"twitter:card\" content=\"summary_large_image\" \/>\n<meta name=\"twitter:site\" content=\"@cancerstratca\" \/>\n<meta name=\"twitter:label1\" content=\"Dur\u00e9e de lecture estim\u00e9e\" \/>\n\t<meta name=\"twitter:data1\" content=\"8 minutes\" \/>\n<script type=\"application\/ld+json\" class=\"yoast-schema-graph\">{\"@context\":\"https:\\\/\\\/schema.org\",\"@graph\":[{\"@type\":\"WebPage\",\"@id\":\"https:\\\/\\\/www.partnershipagainstcancer.ca\\\/fr\\\/news-events\\\/news\\\/article\\\/le-president-sortant-jeff-lozon-nous-fait-part-de-ses-reflexions-sur-les-30-premiers-mois-du-partenariat\\\/\",\"url\":\"https:\\\/\\\/www.partnershipagainstcancer.ca\\\/fr\\\/news-events\\\/news\\\/article\\\/le-president-sortant-jeff-lozon-nous-fait-part-de-ses-reflexions-sur-les-30-premiers-mois-du-partenariat\\\/\",\"name\":\"Le pr\u00e9sident sortant, Jeff Lozon, nous fait part de ses r\u00e9flexions sur les 30 premiers mois du Partenariat - Canadian Partnership Against Cancer\",\"isPartOf\":{\"@id\":\"https:\\\/\\\/dev.partnershipagainstcancer.ca\\\/#website\"},\"primaryImageOfPage\":{\"@id\":\"https:\\\/\\\/www.partnershipagainstcancer.ca\\\/fr\\\/news-events\\\/news\\\/article\\\/le-president-sortant-jeff-lozon-nous-fait-part-de-ses-reflexions-sur-les-30-premiers-mois-du-partenariat\\\/#primaryimage\"},\"image\":{\"@id\":\"https:\\\/\\\/www.partnershipagainstcancer.ca\\\/fr\\\/news-events\\\/news\\\/article\\\/le-president-sortant-jeff-lozon-nous-fait-part-de-ses-reflexions-sur-les-30-premiers-mois-du-partenariat\\\/#primaryimage\"},\"thumbnailUrl\":\"https:\\\/\\\/www.partnershipagainstcancer.ca\\\/wp-content\\\/uploads\\\/2010\\\/06\\\/Lozon_web.jpg\",\"datePublished\":\"2009-04-21T00:00:00+00:00\",\"dateModified\":\"2017-09-26T16:22:07+00:00\",\"breadcrumb\":{\"@id\":\"https:\\\/\\\/www.partnershipagainstcancer.ca\\\/fr\\\/news-events\\\/news\\\/article\\\/le-president-sortant-jeff-lozon-nous-fait-part-de-ses-reflexions-sur-les-30-premiers-mois-du-partenariat\\\/#breadcrumb\"},\"inLanguage\":\"fr-FR\",\"potentialAction\":[{\"@type\":\"ReadAction\",\"target\":[\"https:\\\/\\\/www.partnershipagainstcancer.ca\\\/fr\\\/news-events\\\/news\\\/article\\\/le-president-sortant-jeff-lozon-nous-fait-part-de-ses-reflexions-sur-les-30-premiers-mois-du-partenariat\\\/\"]}]},{\"@type\":\"ImageObject\",\"inLanguage\":\"fr-FR\",\"@id\":\"https:\\\/\\\/www.partnershipagainstcancer.ca\\\/fr\\\/news-events\\\/news\\\/article\\\/le-president-sortant-jeff-lozon-nous-fait-part-de-ses-reflexions-sur-les-30-premiers-mois-du-partenariat\\\/#primaryimage\",\"url\":\"https:\\\/\\\/www.partnershipagainstcancer.ca\\\/wp-content\\\/uploads\\\/2010\\\/06\\\/Lozon_web.jpg\",\"contentUrl\":\"https:\\\/\\\/www.partnershipagainstcancer.ca\\\/wp-content\\\/uploads\\\/2010\\\/06\\\/Lozon_web.jpg\"},{\"@type\":\"BreadcrumbList\",\"@id\":\"https:\\\/\\\/www.partnershipagainstcancer.ca\\\/fr\\\/news-events\\\/news\\\/article\\\/le-president-sortant-jeff-lozon-nous-fait-part-de-ses-reflexions-sur-les-30-premiers-mois-du-partenariat\\\/#breadcrumb\",\"itemListElement\":[{\"@type\":\"ListItem\",\"position\":1,\"name\":\"News\",\"item\":\"https:\\\/\\\/www.partnershipagainstcancer.ca\\\/news-events\\\/news\\\/article\\\/\"},{\"@type\":\"ListItem\",\"position\":2,\"name\":\"Le pr\u00e9sident sortant, Jeff Lozon, nous fait part de ses r\u00e9flexions sur les 30 premiers mois du Partenariat\"}]},{\"@type\":\"WebSite\",\"@id\":\"https:\\\/\\\/dev.partnershipagainstcancer.ca\\\/#website\",\"url\":\"https:\\\/\\\/dev.partnershipagainstcancer.ca\\\/\",\"name\":\"Canadian Partnership Against Cancer\",\"description\":\"\",\"potentialAction\":[{\"@type\":\"SearchAction\",\"target\":{\"@type\":\"EntryPoint\",\"urlTemplate\":\"https:\\\/\\\/dev.partnershipagainstcancer.ca\\\/?s={search_term_string}\"},\"query-input\":{\"@type\":\"PropertyValueSpecification\",\"valueRequired\":true,\"valueName\":\"search_term_string\"}}],\"inLanguage\":\"fr-FR\"}]}<\/script>\n<!-- \/ Yoast SEO plugin. -->","yoast_head_json":{"title":"Canadian Partnership Against Cancer","robots":{"index":"index","follow":"follow","max-snippet":"max-snippet:-1","max-image-preview":"max-image-preview:large","max-video-preview":"max-video-preview:-1"},"canonical":"https:\/\/www.partnershipagainstcancer.ca\/fr\/news-events\/news\/article\/le-president-sortant-jeff-lozon-nous-fait-part-de-ses-reflexions-sur-les-30-premiers-mois-du-partenariat\/","og_locale":"fr_FR","og_type":"article","og_title":"Le pr\u00e9sident sortant, Jeff Lozon, nous fait part de ses r\u00e9flexions sur les 30 premiers mois du Partenariat - Canadian Partnership Against Cancer","og_description":"Q. En 2006, vous avez accept\u00e9 le poste d\u00e9terminant de premier pr\u00e9sident du conseil du Partenariat, avant qu&rsquo;il y ait du personnel ou m\u00eame un bureau. Il n&rsquo;y avait que vous, le Dr Simon Sutcliffe, vice-pr\u00e9sident, et les membres du conseil int\u00e9rimaire. Comment \u00e9tait-ce pour vous au d\u00e9but? R. Il faut noter que le Partenariat [&hellip;]","og_url":"https:\/\/www.partnershipagainstcancer.ca\/fr\/news-events\/news\/article\/le-president-sortant-jeff-lozon-nous-fait-part-de-ses-reflexions-sur-les-30-premiers-mois-du-partenariat\/","og_site_name":"Canadian Partnership Against Cancer","article_publisher":"https:\/\/www.facebook.com\/CanadianPartnershipAgainstCancer\/","article_modified_time":"2017-09-26T16:22:07+00:00","og_image":[{"url":"https:\/\/www.partnershipagainstcancer.ca\/wp-content\/uploads\/2010\/06\/Lozon_web.jpg","type":"","width":"","height":""}],"twitter_card":"summary_large_image","twitter_site":"@cancerstratca","twitter_misc":{"Dur\u00e9e de lecture estim\u00e9e":"8 minutes"},"schema":{"@context":"https:\/\/schema.org","@graph":[{"@type":"WebPage","@id":"https:\/\/www.partnershipagainstcancer.ca\/fr\/news-events\/news\/article\/le-president-sortant-jeff-lozon-nous-fait-part-de-ses-reflexions-sur-les-30-premiers-mois-du-partenariat\/","url":"https:\/\/www.partnershipagainstcancer.ca\/fr\/news-events\/news\/article\/le-president-sortant-jeff-lozon-nous-fait-part-de-ses-reflexions-sur-les-30-premiers-mois-du-partenariat\/","name":"Le pr\u00e9sident sortant, Jeff Lozon, nous fait part de ses r\u00e9flexions sur les 30 premiers mois du Partenariat - Canadian Partnership Against Cancer","isPartOf":{"@id":"https:\/\/dev.partnershipagainstcancer.ca\/#website"},"primaryImageOfPage":{"@id":"https:\/\/www.partnershipagainstcancer.ca\/fr\/news-events\/news\/article\/le-president-sortant-jeff-lozon-nous-fait-part-de-ses-reflexions-sur-les-30-premiers-mois-du-partenariat\/#primaryimage"},"image":{"@id":"https:\/\/www.partnershipagainstcancer.ca\/fr\/news-events\/news\/article\/le-president-sortant-jeff-lozon-nous-fait-part-de-ses-reflexions-sur-les-30-premiers-mois-du-partenariat\/#primaryimage"},"thumbnailUrl":"https:\/\/www.partnershipagainstcancer.ca\/wp-content\/uploads\/2010\/06\/Lozon_web.jpg","datePublished":"2009-04-21T00:00:00+00:00","dateModified":"2017-09-26T16:22:07+00:00","breadcrumb":{"@id":"https:\/\/www.partnershipagainstcancer.ca\/fr\/news-events\/news\/article\/le-president-sortant-jeff-lozon-nous-fait-part-de-ses-reflexions-sur-les-30-premiers-mois-du-partenariat\/#breadcrumb"},"inLanguage":"fr-FR","potentialAction":[{"@type":"ReadAction","target":["https:\/\/www.partnershipagainstcancer.ca\/fr\/news-events\/news\/article\/le-president-sortant-jeff-lozon-nous-fait-part-de-ses-reflexions-sur-les-30-premiers-mois-du-partenariat\/"]}]},{"@type":"ImageObject","inLanguage":"fr-FR","@id":"https:\/\/www.partnershipagainstcancer.ca\/fr\/news-events\/news\/article\/le-president-sortant-jeff-lozon-nous-fait-part-de-ses-reflexions-sur-les-30-premiers-mois-du-partenariat\/#primaryimage","url":"https:\/\/www.partnershipagainstcancer.ca\/wp-content\/uploads\/2010\/06\/Lozon_web.jpg","contentUrl":"https:\/\/www.partnershipagainstcancer.ca\/wp-content\/uploads\/2010\/06\/Lozon_web.jpg"},{"@type":"BreadcrumbList","@id":"https:\/\/www.partnershipagainstcancer.ca\/fr\/news-events\/news\/article\/le-president-sortant-jeff-lozon-nous-fait-part-de-ses-reflexions-sur-les-30-premiers-mois-du-partenariat\/#breadcrumb","itemListElement":[{"@type":"ListItem","position":1,"name":"News","item":"https:\/\/www.partnershipagainstcancer.ca\/news-events\/news\/article\/"},{"@type":"ListItem","position":2,"name":"Le pr\u00e9sident sortant, Jeff Lozon, nous fait part de ses r\u00e9flexions sur les 30 premiers mois du Partenariat"}]},{"@type":"WebSite","@id":"https:\/\/dev.partnershipagainstcancer.ca\/#website","url":"https:\/\/dev.partnershipagainstcancer.ca\/","name":"Canadian Partnership Against Cancer","description":"","potentialAction":[{"@type":"SearchAction","target":{"@type":"EntryPoint","urlTemplate":"https:\/\/dev.partnershipagainstcancer.ca\/?s={search_term_string}"},"query-input":{"@type":"PropertyValueSpecification","valueRequired":true,"valueName":"search_term_string"}}],"inLanguage":"fr-FR"}]}},"_links":{"self":[{"href":"https:\/\/www.partnershipagainstcancer.ca\/fr\/wp-json\/wp\/v2\/news-events\/32981","targetHints":{"allow":["GET"]}}],"collection":[{"href":"https:\/\/www.partnershipagainstcancer.ca\/fr\/wp-json\/wp\/v2\/news-events"}],"about":[{"href":"https:\/\/www.partnershipagainstcancer.ca\/fr\/wp-json\/wp\/v2\/types\/news-events"}],"author":[{"embeddable":true,"href":"https:\/\/www.partnershipagainstcancer.ca\/fr\/wp-json\/wp\/v2\/users\/2"}],"wp:attachment":[{"href":"https:\/\/www.partnershipagainstcancer.ca\/fr\/wp-json\/wp\/v2\/media?parent=32981"}],"wp:term":[{"taxonomy":"news_events_categories","embeddable":true,"href":"https:\/\/www.partnershipagainstcancer.ca\/fr\/wp-json\/wp\/v2\/news_events_categories?post=32981"}],"curies":[{"name":"wp","href":"https:\/\/api.w.org\/{rel}","templated":true}]}}