{"id":32957,"date":"2008-10-24T00:00:00","date_gmt":"2008-10-24T00:00:00","guid":{"rendered":"https:\/\/www.partnershipagainstcancer.ca\/news\/news_events\/linitiative-sur-la-gestion-des-risques-de-cancer-est-lancee\/"},"modified":"2017-09-21T19:09:17","modified_gmt":"2017-09-21T19:09:17","slug":"linitiative-sur-la-gestion-des-risques-de-cancer-est-lancee","status":"publish","type":"news-events","link":"https:\/\/www.partnershipagainstcancer.ca\/fr\/news-events\/news\/article\/linitiative-sur-la-gestion-des-risques-de-cancer-est-lancee\/","title":{"rendered":"L&rsquo;Initiative sur la gestion des risques de cancer est lanc\u00e9e"},"content":{"rendered":"<p>L&rsquo;Initiative sur la gestion des risques de cancer du Partenariat est d\u00e9j\u00e0\u00a0 amorc\u00e9e : un comit\u00e9 consultatif d&rsquo;experts est en place et une demande de propositions a \u00e9t\u00e9 lanc\u00e9e.<\/p>\n<figure id=\"attachment_279\" aria-describedby=\"caption-attachment-279\" style=\"width: 390px\" class=\"wp-caption alignright\"><img decoding=\"async\" class=\"wp-image-279\" style=\"margin-top: 10px;\" title=\"Comit\u00e9 consultatif sur la gestion du risque de cancer\" src=\"https:\/\/www.partnershipagainstcancer.ca\/wp-content\/uploads\/2010\/06\/crm_web.jpg\" alt=\"Comit\u00e9 consultatif sur la gestion du risque de cancer\" width=\"390\" \/><figcaption id=\"caption-attachment-279\" class=\"wp-caption-text\">En arri\u00e8re\u00a0(gauche\u00a0\u00e0\u00a0 droite) : Helen Angus, Dr Jon Kerner, Steven Ottaway,\u00a0Dr Andy Coldman, Dr Anthony Miller\u00a0 En avant (gauche\u00a0\u00e0\u00a0 droite): Caroline Heick (au lieu de Jean-Marie Berthelot),\u00a0 Dre Eva Grunfeld, Arlene Wilgosh,\u00a0 Anna Greenberg, Lee Fairclough<\/figcaption><\/figure>\n<p>Le comit\u00e9 consultatif est copr\u00e9sid\u00e9 par le Dr Anthony Miller, professeur \u00e9m\u00e9rite de l&rsquo;Universit\u00e9 de Toronto, et Mme Lee Fairclough, vice-pr\u00e9sidente de la Gestion du savoir au Partenariat.<\/p>\n<p>Il regroupe des chefs de file du domaine de la sant\u00e9 et des syst\u00e8mes de lutte contre le cancer, de m\u00eame que des experts en biostatistique, en \u00e9conomie de la sant\u00e9, en \u00e9pid\u00e9miologie, en soins cliniques et en finances des secteurs public et priv\u00e9.<\/p>\n<p>L&rsquo;objectif \u00e0 long terme de cette initiative consiste \u00e0\u00a0 \u00e9laborer un syst\u00e8me de mod\u00e9lisation des effets des programmes de lutte contre le cancer. Une composante d\u0092un tel syst\u00e8me est un outil \u00e9lectronique perfectionn\u00e9 permettant de pr\u00e9voir les effets macro-\u00e9conomiques de mesures correspondant \u00e0 tous les aspects de la lutte contre le cancer, de m\u00eame que leur retentissement sur le fardeau de la maladie.<\/p>\n<p>\u00ab Nous voulons mettre au point une m\u00e9thode de mod\u00e9lisation pratique et utile dont on pourra se servir \u00e0 l&rsquo;\u00e9chelle pancanadienne et dans les provinces pour \u00e9tayer la prise de d\u00e9cisions \u00bb, a indiqu\u00e9 Mme Fairclough.<\/p>\n<p>Le Partenariat a invit\u00e9 une liste d&rsquo;\u00e9quipes s\u00e9lectionn\u00e9es \u00e0 pr\u00e9senter des propositions compl\u00e8tes pour btir une plateforme de base qui permettrait de pr\u00e9voir les effets de la lutte contre le cancer sur la situation macro-\u00e9conomique et le fardeau de la maladie dans les domaines suivants, qui sont les priorit\u00e9s initiales :<\/p>\n<ul>\n<li>Pr\u00e9vention du cancer<\/li>\n<li>D\u00e9pistage du cancer (cancer du col de l\u0092ut\u00e9rus et vaccination contre le VPH, cancer du sein, cancer colorectal*)<\/li>\n<li>Nouveaux traitements anticanc\u00e9reux<\/li>\n<li>Soins palliatifs<\/li>\n<\/ul>\n<h6><em>*\u00a0<\/em>Remarque : <em>On a d\u00e9j\u00e0\u00a0 commenc\u00e9 \u00e0\u00a0 \u00e9laborer un mod\u00e8le de pr\u00e9vision des effets du d\u00e9pistage du cancer colorectal sur le fardeau de la maladie. Pour compl\u00e9ter ces travaux, on a lanc\u00e9 un appel de propositions en vue de la conception d\u0092un mod\u00e8le qui permettrait de pr\u00e9voir les effets macro-\u00e9conomiques du d\u00e9pistage du cancer colorectal.<\/em><\/h6>\n<h2>Comit\u00e9 consultatif sur la gestion du risque de cancer<\/h2>\n<h3>Membres du comit\u00e9<\/h3>\n<ul>\n<li>Copr\u00e9sident Dr\u00a0Anthony Miller, professeur \u00e9m\u00e9rite de l&rsquo;Universit\u00e9 de Toronto et expert conseil, Division de la pr\u00e9vention du cancer, U.S. National Cancer Institute<\/li>\n<li>Copr\u00e9sidente Lee Fairclough, vice-pr\u00e9sidente de la Gestion du savoir au Partenariat<\/li>\n<li>Helen Angus, vice-pr\u00e9sidente, Planification et mise en \u009cuvre strat\u00e9gique, Action Cancer Ontario<\/li>\n<li>Jean-Marie Berthelot, vice-pr\u00e9sident, Programmes, Institut canadien d&rsquo;information sur la sant\u00e9<\/li>\n<li>Jacques Brisson, chercheur, Centre de recherche, H\u00f4pital du Saint-Sacrement, Universit\u00e9 Laval<\/li>\n<li>Dr\u00a0Adalsteinn Brown, sous-ministre adjoint, Division de la strat\u00e9gie des syst\u00e8mes de sant\u00e9, Minist\u00e8re de la Sant\u00e9 et des soins de longue dur\u00e9e de l\u0092Ontario<\/li>\n<li>Dr\u00a0Andy Coldman, directeur provincial, Oncologie pr\u00e9ventive et populationnelle, Agence de lutte contre le cancer de la Colombie-Britannique<\/li>\n<li>Dr\u00a0Anthony Fields, directeur ex\u00e9cutif, vice-pr\u00e9sident, Affaires m\u00e9dicales et Oncologie communautaire, Alberta Health Services<\/li>\n<li>Dre\u00a0Eva Grunfeld, directrice, Recherche sur l&rsquo;issue du cancer, Cancer Care Nova Scotia<\/li>\n<li>Dr\u00a0Steven Heitman, gastro-ent\u00e9rologue et chercheur, R\u00e9gion sanitaire de Calgary<\/li>\n<li>Dr\u00a0Jon Kerner, pr\u00e9sident du Groupe d&rsquo;action sur la pr\u00e9vention primaire et conseiller scientifique principal du Partenariat en mati\u00e8re de lutte contre le cancer et d&rsquo;application des connaissances<\/li>\n<li>Steven Ottaway, chef, Services bancaires d&rsquo;investissement en sant\u00e9, GMP Securities Ltd.<\/li>\n<li>Dr\u00a0Stuart Peacock, directeur, \u00c9conomie de la sant\u00e9 et Programme de recherche sur le cancer, Universit\u00e9 de la Colombie-Britannique<\/li>\n<li>Arlene Wilgosh, sous-ministre de la Sant\u00e9 du Manitoba<\/li>\n<\/ul>\n","protected":false},"excerpt":{"rendered":"<p>L&rsquo;Initiative sur la gestion des risques de cancer du Partenariat est d\u00e9j\u00e0\u00a0 amorc\u00e9e : un comit\u00e9 consultatif d&rsquo;experts est en place et une demande de propositions a \u00e9t\u00e9 lanc\u00e9e. Le comit\u00e9 consultatif est copr\u00e9sid\u00e9 par le Dr Anthony Miller, professeur \u00e9m\u00e9rite de l&rsquo;Universit\u00e9 de Toronto, et Mme Lee Fairclough, vice-pr\u00e9sidente de la Gestion du savoir [&hellip;]<\/p>\n","protected":false},"author":2,"featured_media":32679,"menu_order":0,"template":"","news_events_categories":[1029],"class_list":["post-32957","news-events","type-news-events","status-publish","has-post-thumbnail","hentry","news_events_categories-nouvelles"],"acf":[],"yoast_head":"<!-- This site is optimized with the Yoast SEO plugin v27.3 - https:\/\/yoast.com\/product\/yoast-seo-wordpress\/ -->\n<title>Canadian Partnership Against Cancer<\/title>\n<meta name=\"robots\" content=\"index, follow, max-snippet:-1, max-image-preview:large, max-video-preview:-1\" \/>\n<link rel=\"canonical\" href=\"https:\/\/www.partnershipagainstcancer.ca\/fr\/news-events\/news\/article\/linitiative-sur-la-gestion-des-risques-de-cancer-est-lancee\/\" \/>\n<meta property=\"og:locale\" content=\"fr_FR\" \/>\n<meta property=\"og:type\" content=\"article\" \/>\n<meta property=\"og:title\" content=\"L&#039;Initiative sur la gestion des risques de cancer est lanc\u00e9e - Canadian Partnership Against Cancer\" \/>\n<meta property=\"og:description\" content=\"L&rsquo;Initiative sur la gestion des risques de cancer du Partenariat est d\u00e9j\u00e0\u00a0 amorc\u00e9e : un comit\u00e9 consultatif d&rsquo;experts est en place et une demande de propositions a \u00e9t\u00e9 lanc\u00e9e. Le comit\u00e9 consultatif est copr\u00e9sid\u00e9 par le Dr Anthony Miller, professeur \u00e9m\u00e9rite de l&rsquo;Universit\u00e9 de Toronto, et Mme Lee Fairclough, vice-pr\u00e9sidente de la Gestion du savoir [&hellip;]\" \/>\n<meta property=\"og:url\" content=\"https:\/\/www.partnershipagainstcancer.ca\/fr\/news-events\/news\/article\/linitiative-sur-la-gestion-des-risques-de-cancer-est-lancee\/\" \/>\n<meta property=\"og:site_name\" content=\"Canadian Partnership Against Cancer\" \/>\n<meta property=\"article:publisher\" content=\"https:\/\/www.facebook.com\/CanadianPartnershipAgainstCancer\/\" \/>\n<meta property=\"article:modified_time\" content=\"2017-09-21T19:09:17+00:00\" \/>\n<meta property=\"og:image\" content=\"https:\/\/www.partnershipagainstcancer.ca\/wp-content\/uploads\/2017\/09\/crm_web.jpg\" \/>\n\t<meta property=\"og:image:width\" content=\"494\" \/>\n\t<meta property=\"og:image:height\" content=\"276\" \/>\n\t<meta property=\"og:image:type\" content=\"image\/jpeg\" \/>\n<meta name=\"twitter:card\" content=\"summary_large_image\" \/>\n<meta name=\"twitter:site\" content=\"@cancerstratca\" \/>\n<meta name=\"twitter:label1\" content=\"Dur\u00e9e de lecture estim\u00e9e\" \/>\n\t<meta name=\"twitter:data1\" content=\"3 minutes\" \/>\n<script type=\"application\/ld+json\" class=\"yoast-schema-graph\">{\"@context\":\"https:\\\/\\\/schema.org\",\"@graph\":[{\"@type\":\"WebPage\",\"@id\":\"https:\\\/\\\/www.partnershipagainstcancer.ca\\\/fr\\\/news-events\\\/news\\\/article\\\/linitiative-sur-la-gestion-des-risques-de-cancer-est-lancee\\\/\",\"url\":\"https:\\\/\\\/www.partnershipagainstcancer.ca\\\/fr\\\/news-events\\\/news\\\/article\\\/linitiative-sur-la-gestion-des-risques-de-cancer-est-lancee\\\/\",\"name\":\"L'Initiative sur la gestion des risques de cancer est lanc\u00e9e - Canadian Partnership Against Cancer\",\"isPartOf\":{\"@id\":\"https:\\\/\\\/dev.partnershipagainstcancer.ca\\\/#website\"},\"primaryImageOfPage\":{\"@id\":\"https:\\\/\\\/www.partnershipagainstcancer.ca\\\/fr\\\/news-events\\\/news\\\/article\\\/linitiative-sur-la-gestion-des-risques-de-cancer-est-lancee\\\/#primaryimage\"},\"image\":{\"@id\":\"https:\\\/\\\/www.partnershipagainstcancer.ca\\\/fr\\\/news-events\\\/news\\\/article\\\/linitiative-sur-la-gestion-des-risques-de-cancer-est-lancee\\\/#primaryimage\"},\"thumbnailUrl\":\"https:\\\/\\\/www.partnershipagainstcancer.ca\\\/wp-content\\\/uploads\\\/2017\\\/09\\\/crm_web.jpg\",\"datePublished\":\"2008-10-24T00:00:00+00:00\",\"dateModified\":\"2017-09-21T19:09:17+00:00\",\"breadcrumb\":{\"@id\":\"https:\\\/\\\/www.partnershipagainstcancer.ca\\\/fr\\\/news-events\\\/news\\\/article\\\/linitiative-sur-la-gestion-des-risques-de-cancer-est-lancee\\\/#breadcrumb\"},\"inLanguage\":\"fr-FR\",\"potentialAction\":[{\"@type\":\"ReadAction\",\"target\":[\"https:\\\/\\\/www.partnershipagainstcancer.ca\\\/fr\\\/news-events\\\/news\\\/article\\\/linitiative-sur-la-gestion-des-risques-de-cancer-est-lancee\\\/\"]}]},{\"@type\":\"ImageObject\",\"inLanguage\":\"fr-FR\",\"@id\":\"https:\\\/\\\/www.partnershipagainstcancer.ca\\\/fr\\\/news-events\\\/news\\\/article\\\/linitiative-sur-la-gestion-des-risques-de-cancer-est-lancee\\\/#primaryimage\",\"url\":\"https:\\\/\\\/www.partnershipagainstcancer.ca\\\/wp-content\\\/uploads\\\/2017\\\/09\\\/crm_web.jpg\",\"contentUrl\":\"https:\\\/\\\/www.partnershipagainstcancer.ca\\\/wp-content\\\/uploads\\\/2017\\\/09\\\/crm_web.jpg\",\"width\":494,\"height\":276},{\"@type\":\"BreadcrumbList\",\"@id\":\"https:\\\/\\\/www.partnershipagainstcancer.ca\\\/fr\\\/news-events\\\/news\\\/article\\\/linitiative-sur-la-gestion-des-risques-de-cancer-est-lancee\\\/#breadcrumb\",\"itemListElement\":[{\"@type\":\"ListItem\",\"position\":1,\"name\":\"News\",\"item\":\"https:\\\/\\\/www.partnershipagainstcancer.ca\\\/news-events\\\/news\\\/article\\\/\"},{\"@type\":\"ListItem\",\"position\":2,\"name\":\"L&rsquo;Initiative sur la gestion des risques de cancer est lanc\u00e9e\"}]},{\"@type\":\"WebSite\",\"@id\":\"https:\\\/\\\/dev.partnershipagainstcancer.ca\\\/#website\",\"url\":\"https:\\\/\\\/dev.partnershipagainstcancer.ca\\\/\",\"name\":\"Canadian Partnership Against Cancer\",\"description\":\"\",\"potentialAction\":[{\"@type\":\"SearchAction\",\"target\":{\"@type\":\"EntryPoint\",\"urlTemplate\":\"https:\\\/\\\/dev.partnershipagainstcancer.ca\\\/?s={search_term_string}\"},\"query-input\":{\"@type\":\"PropertyValueSpecification\",\"valueRequired\":true,\"valueName\":\"search_term_string\"}}],\"inLanguage\":\"fr-FR\"}]}<\/script>\n<!-- \/ Yoast SEO plugin. -->","yoast_head_json":{"title":"Canadian Partnership Against Cancer","robots":{"index":"index","follow":"follow","max-snippet":"max-snippet:-1","max-image-preview":"max-image-preview:large","max-video-preview":"max-video-preview:-1"},"canonical":"https:\/\/www.partnershipagainstcancer.ca\/fr\/news-events\/news\/article\/linitiative-sur-la-gestion-des-risques-de-cancer-est-lancee\/","og_locale":"fr_FR","og_type":"article","og_title":"L'Initiative sur la gestion des risques de cancer est lanc\u00e9e - Canadian Partnership Against Cancer","og_description":"L&rsquo;Initiative sur la gestion des risques de cancer du Partenariat est d\u00e9j\u00e0\u00a0 amorc\u00e9e : un comit\u00e9 consultatif d&rsquo;experts est en place et une demande de propositions a \u00e9t\u00e9 lanc\u00e9e. Le comit\u00e9 consultatif est copr\u00e9sid\u00e9 par le Dr Anthony Miller, professeur \u00e9m\u00e9rite de l&rsquo;Universit\u00e9 de Toronto, et Mme Lee Fairclough, vice-pr\u00e9sidente de la Gestion du savoir [&hellip;]","og_url":"https:\/\/www.partnershipagainstcancer.ca\/fr\/news-events\/news\/article\/linitiative-sur-la-gestion-des-risques-de-cancer-est-lancee\/","og_site_name":"Canadian Partnership Against Cancer","article_publisher":"https:\/\/www.facebook.com\/CanadianPartnershipAgainstCancer\/","article_modified_time":"2017-09-21T19:09:17+00:00","og_image":[{"width":494,"height":276,"url":"https:\/\/www.partnershipagainstcancer.ca\/wp-content\/uploads\/2017\/09\/crm_web.jpg","type":"image\/jpeg"}],"twitter_card":"summary_large_image","twitter_site":"@cancerstratca","twitter_misc":{"Dur\u00e9e de lecture estim\u00e9e":"3 minutes"},"schema":{"@context":"https:\/\/schema.org","@graph":[{"@type":"WebPage","@id":"https:\/\/www.partnershipagainstcancer.ca\/fr\/news-events\/news\/article\/linitiative-sur-la-gestion-des-risques-de-cancer-est-lancee\/","url":"https:\/\/www.partnershipagainstcancer.ca\/fr\/news-events\/news\/article\/linitiative-sur-la-gestion-des-risques-de-cancer-est-lancee\/","name":"L'Initiative sur la gestion des risques de cancer est lanc\u00e9e - Canadian Partnership Against Cancer","isPartOf":{"@id":"https:\/\/dev.partnershipagainstcancer.ca\/#website"},"primaryImageOfPage":{"@id":"https:\/\/www.partnershipagainstcancer.ca\/fr\/news-events\/news\/article\/linitiative-sur-la-gestion-des-risques-de-cancer-est-lancee\/#primaryimage"},"image":{"@id":"https:\/\/www.partnershipagainstcancer.ca\/fr\/news-events\/news\/article\/linitiative-sur-la-gestion-des-risques-de-cancer-est-lancee\/#primaryimage"},"thumbnailUrl":"https:\/\/www.partnershipagainstcancer.ca\/wp-content\/uploads\/2017\/09\/crm_web.jpg","datePublished":"2008-10-24T00:00:00+00:00","dateModified":"2017-09-21T19:09:17+00:00","breadcrumb":{"@id":"https:\/\/www.partnershipagainstcancer.ca\/fr\/news-events\/news\/article\/linitiative-sur-la-gestion-des-risques-de-cancer-est-lancee\/#breadcrumb"},"inLanguage":"fr-FR","potentialAction":[{"@type":"ReadAction","target":["https:\/\/www.partnershipagainstcancer.ca\/fr\/news-events\/news\/article\/linitiative-sur-la-gestion-des-risques-de-cancer-est-lancee\/"]}]},{"@type":"ImageObject","inLanguage":"fr-FR","@id":"https:\/\/www.partnershipagainstcancer.ca\/fr\/news-events\/news\/article\/linitiative-sur-la-gestion-des-risques-de-cancer-est-lancee\/#primaryimage","url":"https:\/\/www.partnershipagainstcancer.ca\/wp-content\/uploads\/2017\/09\/crm_web.jpg","contentUrl":"https:\/\/www.partnershipagainstcancer.ca\/wp-content\/uploads\/2017\/09\/crm_web.jpg","width":494,"height":276},{"@type":"BreadcrumbList","@id":"https:\/\/www.partnershipagainstcancer.ca\/fr\/news-events\/news\/article\/linitiative-sur-la-gestion-des-risques-de-cancer-est-lancee\/#breadcrumb","itemListElement":[{"@type":"ListItem","position":1,"name":"News","item":"https:\/\/www.partnershipagainstcancer.ca\/news-events\/news\/article\/"},{"@type":"ListItem","position":2,"name":"L&rsquo;Initiative sur la gestion des risques de cancer est lanc\u00e9e"}]},{"@type":"WebSite","@id":"https:\/\/dev.partnershipagainstcancer.ca\/#website","url":"https:\/\/dev.partnershipagainstcancer.ca\/","name":"Canadian Partnership Against Cancer","description":"","potentialAction":[{"@type":"SearchAction","target":{"@type":"EntryPoint","urlTemplate":"https:\/\/dev.partnershipagainstcancer.ca\/?s={search_term_string}"},"query-input":{"@type":"PropertyValueSpecification","valueRequired":true,"valueName":"search_term_string"}}],"inLanguage":"fr-FR"}]}},"_links":{"self":[{"href":"https:\/\/www.partnershipagainstcancer.ca\/fr\/wp-json\/wp\/v2\/news-events\/32957","targetHints":{"allow":["GET"]}}],"collection":[{"href":"https:\/\/www.partnershipagainstcancer.ca\/fr\/wp-json\/wp\/v2\/news-events"}],"about":[{"href":"https:\/\/www.partnershipagainstcancer.ca\/fr\/wp-json\/wp\/v2\/types\/news-events"}],"author":[{"embeddable":true,"href":"https:\/\/www.partnershipagainstcancer.ca\/fr\/wp-json\/wp\/v2\/users\/2"}],"wp:featuredmedia":[{"embeddable":true,"href":"https:\/\/www.partnershipagainstcancer.ca\/fr\/wp-json\/wp\/v2\/media\/32679"}],"wp:attachment":[{"href":"https:\/\/www.partnershipagainstcancer.ca\/fr\/wp-json\/wp\/v2\/media?parent=32957"}],"wp:term":[{"taxonomy":"news_events_categories","embeddable":true,"href":"https:\/\/www.partnershipagainstcancer.ca\/fr\/wp-json\/wp\/v2\/news_events_categories?post=32957"}],"curies":[{"name":"wp","href":"https:\/\/api.w.org\/{rel}","templated":true}]}}