{"id":32956,"date":"2010-04-21T00:00:00","date_gmt":"2010-04-21T00:00:00","guid":{"rendered":"https:\/\/www.partnershipagainstcancer.ca\/news\/news_events\/la-formation-sur-la-gestion-des-risques-de-cancer-debute-a-vancouver\/"},"modified":"2017-11-20T15:54:09","modified_gmt":"2017-11-20T15:54:09","slug":"la-formation-sur-la-gestion-des-risques-de-cancer-debute-a-vancouver","status":"publish","type":"news-events","link":"https:\/\/www.partnershipagainstcancer.ca\/fr\/news-events\/news\/article\/la-formation-sur-la-gestion-des-risques-de-cancer-debute-a-vancouver\/","title":{"rendered":"La formation sur la gestion des risques de cancer d\u00e9bute \u00e0\u00a0 Vancouver"},"content":{"rendered":"<p>Le 21 janvier, le Partenariat a pr\u00e9sent\u00e9 le mod\u00e8le de gestion des risques du cancer (la plateforme) aux principales parties int\u00e9ress\u00e9es du Canada au moyen d\u2019un s\u00e9minaire d\u2019introduction en ligne.<\/p>\n<p>\u00c0 la suite du webinaire, la premi\u00e8re s\u00e9ance de formation sur le mod\u00e8le s\u2019est d\u00e9roul\u00e9e \u00e0 Vancouver le 4 mars. On comptait parmi les participants des chercheurs, des analystes des politiques, des \u00e9conomistes de la sant\u00e9, des \u00e9pid\u00e9miologistes et des statisticiens provenant d\u2019organismes de lutte contre le cancer ainsi que de minist\u00e8res et d\u2019organismes de recherche f\u00e9d\u00e9raux.<\/p>\n<h2>Qu\u2019est-ce que la Mod\u00e8le de gestion des risques de cancer?<\/h2>\n<p>La plateforme est un mod\u00e8le de microsimulation informatis\u00e9 fonctionnant sur le Web qui permet aux planificateurs de la sant\u00e9 d\u2019explorer et d\u2019\u00e9valuer les incidences possibles \u00e0 long terme de la maladie et les r\u00e9percussions \u00e9conomiques des investissements dans la lutte contre le cancer au Canada. Une seconde s\u00e9ance de formation a fait salle comble \u00e0 Toronto le 24 mars.<\/p>\n<p>\u00ab Nous esp\u00e9rons que la mise en \u0153uvre de la formation \u00e0 l\u2019\u00e9chelle du pays conduira \u00e0 l\u2019adoption de cet outil unique, a d\u00e9clar\u00e9 Janey Shin, directrice, Portefeuille de l\u2019analyse et de la surveillance du Partenariat. L\u2019outil de gestion des risques de cancer aidera \u00e0 d\u00e9terminer quelles interventions de lutte contre le cancer, telles que la pr\u00e9vention, les traitements ou les programmes de d\u00e9pistage, d\u00e9montreront les plus grands avantages pour la population canadienne en accroissant le taux de survie au cancer et en r\u00e9duisant le fardeau et les r\u00e9percussions \u00e9conomiques de la maladie. \u00bb<\/p>\n<p>Les professionnels de la sant\u00e9 auront la chance d\u2019en apprendre plus sur le mod\u00e8le de gestion des risques de cancer gr\u00e2ce aux futures pr\u00e9sentations qui seront donn\u00e9es \u00e0 la conf\u00e9rence de l\u2019Association Canadienne pour la Recherche sur les Services et Politiques de la Sant\u00e9 (ACRSPS) qui se tiendra \u00e0 Toronto du 10 au 13 mai, et \u00e0 la conf\u00e9rence de l\u2019Association canadienne de sant\u00e9 publique (ACSP) qui se d\u00e9roulera du 13 au 16 juin, \u00e9galement \u00e0 Toronto.<\/p>\n<p>Le Partenariat a \u00e9galement offert un atelier de formation sur l\u2019outil de gestion des risques de cancer lors de la conf\u00e9rence de l\u2019Agence canadienne des m\u00e9dicaments et des technologies de la sant\u00e9 (ACMTS), qui a eu lieu \u00e0 Halifax le 18 avril.<\/p>\n","protected":false},"excerpt":{"rendered":"<p>Le 21 janvier, le Partenariat a pr\u00e9sent\u00e9 le mod\u00e8le de gestion des risques du cancer (la plateforme) aux principales parties int\u00e9ress\u00e9es du Canada au moyen d\u2019un s\u00e9minaire d\u2019introduction en ligne. \u00c0 la suite du webinaire, la premi\u00e8re s\u00e9ance de formation sur le mod\u00e8le s\u2019est d\u00e9roul\u00e9e \u00e0 Vancouver le 4 mars. On comptait parmi les participants [&hellip;]<\/p>\n","protected":false},"author":2,"featured_media":0,"menu_order":0,"template":"","news_events_categories":[1029],"class_list":["post-32956","news-events","type-news-events","status-publish","hentry","news_events_categories-nouvelles"],"acf":[],"yoast_head":"<!-- This site is optimized with the Yoast SEO plugin v27.3 - https:\/\/yoast.com\/product\/yoast-seo-wordpress\/ -->\n<title>Canadian Partnership Against Cancer<\/title>\n<meta name=\"robots\" content=\"index, follow, max-snippet:-1, max-image-preview:large, max-video-preview:-1\" \/>\n<link rel=\"canonical\" href=\"https:\/\/www.partnershipagainstcancer.ca\/fr\/news-events\/news\/article\/la-formation-sur-la-gestion-des-risques-de-cancer-debute-a-vancouver\/\" \/>\n<meta property=\"og:locale\" content=\"fr_FR\" \/>\n<meta property=\"og:type\" content=\"article\" \/>\n<meta property=\"og:title\" content=\"La formation sur la gestion des risques de cancer d\u00e9bute \u00e0\u00a0 Vancouver - Canadian Partnership Against Cancer\" \/>\n<meta property=\"og:description\" content=\"Le 21 janvier, le Partenariat a pr\u00e9sent\u00e9 le mod\u00e8le de gestion des risques du cancer (la plateforme) aux principales parties int\u00e9ress\u00e9es du Canada au moyen d\u2019un s\u00e9minaire d\u2019introduction en ligne. \u00c0 la suite du webinaire, la premi\u00e8re s\u00e9ance de formation sur le mod\u00e8le s\u2019est d\u00e9roul\u00e9e \u00e0 Vancouver le 4 mars. On comptait parmi les participants [&hellip;]\" \/>\n<meta property=\"og:url\" content=\"https:\/\/www.partnershipagainstcancer.ca\/fr\/news-events\/news\/article\/la-formation-sur-la-gestion-des-risques-de-cancer-debute-a-vancouver\/\" \/>\n<meta property=\"og:site_name\" content=\"Canadian Partnership Against Cancer\" \/>\n<meta property=\"article:publisher\" content=\"https:\/\/www.facebook.com\/CanadianPartnershipAgainstCancer\/\" \/>\n<meta property=\"article:modified_time\" content=\"2017-11-20T15:54:09+00:00\" \/>\n<meta name=\"twitter:card\" content=\"summary_large_image\" \/>\n<meta name=\"twitter:site\" content=\"@cancerstratca\" \/>\n<meta name=\"twitter:label1\" content=\"Dur\u00e9e de lecture estim\u00e9e\" \/>\n\t<meta name=\"twitter:data1\" content=\"2 minutes\" \/>\n<script type=\"application\/ld+json\" class=\"yoast-schema-graph\">{\"@context\":\"https:\\\/\\\/schema.org\",\"@graph\":[{\"@type\":\"WebPage\",\"@id\":\"https:\\\/\\\/www.partnershipagainstcancer.ca\\\/fr\\\/news-events\\\/news\\\/article\\\/la-formation-sur-la-gestion-des-risques-de-cancer-debute-a-vancouver\\\/\",\"url\":\"https:\\\/\\\/www.partnershipagainstcancer.ca\\\/fr\\\/news-events\\\/news\\\/article\\\/la-formation-sur-la-gestion-des-risques-de-cancer-debute-a-vancouver\\\/\",\"name\":\"La formation sur la gestion des risques de cancer d\u00e9bute \u00e0\u00a0 Vancouver - Canadian Partnership Against Cancer\",\"isPartOf\":{\"@id\":\"https:\\\/\\\/dev.partnershipagainstcancer.ca\\\/#website\"},\"datePublished\":\"2010-04-21T00:00:00+00:00\",\"dateModified\":\"2017-11-20T15:54:09+00:00\",\"breadcrumb\":{\"@id\":\"https:\\\/\\\/www.partnershipagainstcancer.ca\\\/fr\\\/news-events\\\/news\\\/article\\\/la-formation-sur-la-gestion-des-risques-de-cancer-debute-a-vancouver\\\/#breadcrumb\"},\"inLanguage\":\"fr-FR\",\"potentialAction\":[{\"@type\":\"ReadAction\",\"target\":[\"https:\\\/\\\/www.partnershipagainstcancer.ca\\\/fr\\\/news-events\\\/news\\\/article\\\/la-formation-sur-la-gestion-des-risques-de-cancer-debute-a-vancouver\\\/\"]}]},{\"@type\":\"BreadcrumbList\",\"@id\":\"https:\\\/\\\/www.partnershipagainstcancer.ca\\\/fr\\\/news-events\\\/news\\\/article\\\/la-formation-sur-la-gestion-des-risques-de-cancer-debute-a-vancouver\\\/#breadcrumb\",\"itemListElement\":[{\"@type\":\"ListItem\",\"position\":1,\"name\":\"News\",\"item\":\"https:\\\/\\\/www.partnershipagainstcancer.ca\\\/news-events\\\/news\\\/article\\\/\"},{\"@type\":\"ListItem\",\"position\":2,\"name\":\"La formation sur la gestion des risques de cancer d\u00e9bute \u00e0\u00a0 Vancouver\"}]},{\"@type\":\"WebSite\",\"@id\":\"https:\\\/\\\/dev.partnershipagainstcancer.ca\\\/#website\",\"url\":\"https:\\\/\\\/dev.partnershipagainstcancer.ca\\\/\",\"name\":\"Canadian Partnership Against Cancer\",\"description\":\"\",\"potentialAction\":[{\"@type\":\"SearchAction\",\"target\":{\"@type\":\"EntryPoint\",\"urlTemplate\":\"https:\\\/\\\/dev.partnershipagainstcancer.ca\\\/?s={search_term_string}\"},\"query-input\":{\"@type\":\"PropertyValueSpecification\",\"valueRequired\":true,\"valueName\":\"search_term_string\"}}],\"inLanguage\":\"fr-FR\"}]}<\/script>\n<!-- \/ Yoast SEO plugin. -->","yoast_head_json":{"title":"Canadian Partnership Against Cancer","robots":{"index":"index","follow":"follow","max-snippet":"max-snippet:-1","max-image-preview":"max-image-preview:large","max-video-preview":"max-video-preview:-1"},"canonical":"https:\/\/www.partnershipagainstcancer.ca\/fr\/news-events\/news\/article\/la-formation-sur-la-gestion-des-risques-de-cancer-debute-a-vancouver\/","og_locale":"fr_FR","og_type":"article","og_title":"La formation sur la gestion des risques de cancer d\u00e9bute \u00e0\u00a0 Vancouver - Canadian Partnership Against Cancer","og_description":"Le 21 janvier, le Partenariat a pr\u00e9sent\u00e9 le mod\u00e8le de gestion des risques du cancer (la plateforme) aux principales parties int\u00e9ress\u00e9es du Canada au moyen d\u2019un s\u00e9minaire d\u2019introduction en ligne. \u00c0 la suite du webinaire, la premi\u00e8re s\u00e9ance de formation sur le mod\u00e8le s\u2019est d\u00e9roul\u00e9e \u00e0 Vancouver le 4 mars. On comptait parmi les participants [&hellip;]","og_url":"https:\/\/www.partnershipagainstcancer.ca\/fr\/news-events\/news\/article\/la-formation-sur-la-gestion-des-risques-de-cancer-debute-a-vancouver\/","og_site_name":"Canadian Partnership Against Cancer","article_publisher":"https:\/\/www.facebook.com\/CanadianPartnershipAgainstCancer\/","article_modified_time":"2017-11-20T15:54:09+00:00","twitter_card":"summary_large_image","twitter_site":"@cancerstratca","twitter_misc":{"Dur\u00e9e de lecture estim\u00e9e":"2 minutes"},"schema":{"@context":"https:\/\/schema.org","@graph":[{"@type":"WebPage","@id":"https:\/\/www.partnershipagainstcancer.ca\/fr\/news-events\/news\/article\/la-formation-sur-la-gestion-des-risques-de-cancer-debute-a-vancouver\/","url":"https:\/\/www.partnershipagainstcancer.ca\/fr\/news-events\/news\/article\/la-formation-sur-la-gestion-des-risques-de-cancer-debute-a-vancouver\/","name":"La formation sur la gestion des risques de cancer d\u00e9bute \u00e0\u00a0 Vancouver - Canadian Partnership Against Cancer","isPartOf":{"@id":"https:\/\/dev.partnershipagainstcancer.ca\/#website"},"datePublished":"2010-04-21T00:00:00+00:00","dateModified":"2017-11-20T15:54:09+00:00","breadcrumb":{"@id":"https:\/\/www.partnershipagainstcancer.ca\/fr\/news-events\/news\/article\/la-formation-sur-la-gestion-des-risques-de-cancer-debute-a-vancouver\/#breadcrumb"},"inLanguage":"fr-FR","potentialAction":[{"@type":"ReadAction","target":["https:\/\/www.partnershipagainstcancer.ca\/fr\/news-events\/news\/article\/la-formation-sur-la-gestion-des-risques-de-cancer-debute-a-vancouver\/"]}]},{"@type":"BreadcrumbList","@id":"https:\/\/www.partnershipagainstcancer.ca\/fr\/news-events\/news\/article\/la-formation-sur-la-gestion-des-risques-de-cancer-debute-a-vancouver\/#breadcrumb","itemListElement":[{"@type":"ListItem","position":1,"name":"News","item":"https:\/\/www.partnershipagainstcancer.ca\/news-events\/news\/article\/"},{"@type":"ListItem","position":2,"name":"La formation sur la gestion des risques de cancer d\u00e9bute \u00e0\u00a0 Vancouver"}]},{"@type":"WebSite","@id":"https:\/\/dev.partnershipagainstcancer.ca\/#website","url":"https:\/\/dev.partnershipagainstcancer.ca\/","name":"Canadian Partnership Against Cancer","description":"","potentialAction":[{"@type":"SearchAction","target":{"@type":"EntryPoint","urlTemplate":"https:\/\/dev.partnershipagainstcancer.ca\/?s={search_term_string}"},"query-input":{"@type":"PropertyValueSpecification","valueRequired":true,"valueName":"search_term_string"}}],"inLanguage":"fr-FR"}]}},"_links":{"self":[{"href":"https:\/\/www.partnershipagainstcancer.ca\/fr\/wp-json\/wp\/v2\/news-events\/32956","targetHints":{"allow":["GET"]}}],"collection":[{"href":"https:\/\/www.partnershipagainstcancer.ca\/fr\/wp-json\/wp\/v2\/news-events"}],"about":[{"href":"https:\/\/www.partnershipagainstcancer.ca\/fr\/wp-json\/wp\/v2\/types\/news-events"}],"author":[{"embeddable":true,"href":"https:\/\/www.partnershipagainstcancer.ca\/fr\/wp-json\/wp\/v2\/users\/2"}],"wp:attachment":[{"href":"https:\/\/www.partnershipagainstcancer.ca\/fr\/wp-json\/wp\/v2\/media?parent=32956"}],"wp:term":[{"taxonomy":"news_events_categories","embeddable":true,"href":"https:\/\/www.partnershipagainstcancer.ca\/fr\/wp-json\/wp\/v2\/news_events_categories?post=32956"}],"curies":[{"name":"wp","href":"https:\/\/api.w.org\/{rel}","templated":true}]}}