{"id":32942,"date":"2007-12-04T00:00:00","date_gmt":"2007-12-04T00:00:00","guid":{"rendered":"https:\/\/www.partnershipagainstcancer.ca\/news\/news_events\/le-forum-national-sur-les-soins-lies-au-cancer-pour-tous-les-canadiens\/"},"modified":"2017-09-06T19:32:43","modified_gmt":"2017-09-06T19:32:43","slug":"le-forum-national-sur-les-soins-lies-au-cancer-pour-tous-les-canadiens","status":"publish","type":"news-events","link":"https:\/\/www.partnershipagainstcancer.ca\/fr\/news-events\/news\/article\/le-forum-national-sur-les-soins-lies-au-cancer-pour-tous-les-canadiens\/","title":{"rendered":"Le Forum national sur les soins li\u00e9s au cancer pour tous les Canadiens"},"content":{"rendered":"<p>Le Forum national sur les soins\u00a0li\u00e9s au cancer\u00a0pour tous les Canadiens: Am\u00e9liorer l&rsquo;acc\u00e8s et r\u00e9duire au minimum les disparit\u00e9s chez les populations vuln\u00e9rables a eu lieu du 1<sup>er<\/sup> au 3 novembre 2007, \u00e0\u00a0 Vancouver (Colombie-Britannique).<\/p>\n<p>Le Forum a \u00e9t\u00e9 organis\u00e9 en r\u00e9action \u00e0\u00a0 l&rsquo;annonce faite r\u00e9cemment par le gouvernement \u00e0\u00a0 l&rsquo;effet que le Partenariat canadien contre le cancer (le Partenariat) mettra en \u009cuvre la Strat\u00e9gie canadienne de lutte contre le cancer. Le Forum avait comme objectif d&rsquo;\u00e9laborer la strat\u00e9gie d&rsquo;action afin d&rsquo;am\u00e9liorer l&rsquo;acc\u00e8s \u00e0\u00a0 des soins\u00a0li\u00e9s au cancer\u00a0de qualit\u00e9, culturellement ad\u00e9quats, pour les Canadiens et les Canadiennes vuln\u00e9rables ou mal desservis, qui sera envoy\u00e9e sous forme de recommandations au Groupe d&rsquo;action sur la r\u00e9orientation des efforts du Partenariat.<\/p>\n<p>Les pr\u00e9sentations indiqu\u00e9es constituent des <strong>fichiers volumineux<\/strong> qui pourraient exiger un certain temps \u00e0\u00a0 t\u00e9l\u00e9charger.<\/p>\n<ul>\n<li>Le Forum national sur les soins\u00a0li\u00e9s au cancer\u00a0pour tous les Canadiens (Partie 1)<\/li>\n<li>Le Forum national sur les soins\u00a0li\u00e9s au cancer\u00a0pour tous les Canadiens (Partie 2)<\/li>\n<\/ul>\n","protected":false},"excerpt":{"rendered":"<p>Le Forum national sur les soins\u00a0li\u00e9s au cancer\u00a0pour tous les Canadiens: Am\u00e9liorer l&rsquo;acc\u00e8s et r\u00e9duire au minimum les disparit\u00e9s chez les populations vuln\u00e9rables a eu lieu du 1er au 3 novembre 2007, \u00e0\u00a0 Vancouver (Colombie-Britannique). Le Forum a \u00e9t\u00e9 organis\u00e9 en r\u00e9action \u00e0\u00a0 l&rsquo;annonce faite r\u00e9cemment par le gouvernement \u00e0\u00a0 l&rsquo;effet que le Partenariat canadien [&hellip;]<\/p>\n","protected":false},"author":2,"featured_media":0,"menu_order":0,"template":"","news_events_categories":[],"class_list":["post-32942","news-events","type-news-events","status-publish","hentry"],"acf":[],"yoast_head":"<!-- This site is optimized with the Yoast SEO plugin v27.3 - https:\/\/yoast.com\/product\/yoast-seo-wordpress\/ -->\n<title>Canadian Partnership Against Cancer<\/title>\n<meta name=\"robots\" content=\"index, follow, max-snippet:-1, max-image-preview:large, max-video-preview:-1\" \/>\n<link rel=\"canonical\" href=\"https:\/\/www.partnershipagainstcancer.ca\/fr\/news-events\/news\/article\/le-forum-national-sur-les-soins-lies-au-cancer-pour-tous-les-canadiens\/\" \/>\n<meta property=\"og:locale\" content=\"fr_FR\" \/>\n<meta property=\"og:type\" content=\"article\" \/>\n<meta property=\"og:title\" content=\"Le Forum national sur les soins li\u00e9s au cancer pour tous les Canadiens - Canadian Partnership Against Cancer\" \/>\n<meta property=\"og:description\" content=\"Le Forum national sur les soins\u00a0li\u00e9s au cancer\u00a0pour tous les Canadiens: Am\u00e9liorer l&rsquo;acc\u00e8s et r\u00e9duire au minimum les disparit\u00e9s chez les populations vuln\u00e9rables a eu lieu du 1er au 3 novembre 2007, \u00e0\u00a0 Vancouver (Colombie-Britannique). Le Forum a \u00e9t\u00e9 organis\u00e9 en r\u00e9action \u00e0\u00a0 l&rsquo;annonce faite r\u00e9cemment par le gouvernement \u00e0\u00a0 l&rsquo;effet que le Partenariat canadien [&hellip;]\" \/>\n<meta property=\"og:url\" content=\"https:\/\/www.partnershipagainstcancer.ca\/fr\/news-events\/news\/article\/le-forum-national-sur-les-soins-lies-au-cancer-pour-tous-les-canadiens\/\" \/>\n<meta property=\"og:site_name\" content=\"Canadian Partnership Against Cancer\" \/>\n<meta property=\"article:publisher\" content=\"https:\/\/www.facebook.com\/CanadianPartnershipAgainstCancer\/\" \/>\n<meta property=\"article:modified_time\" content=\"2017-09-06T19:32:43+00:00\" \/>\n<meta name=\"twitter:card\" content=\"summary_large_image\" \/>\n<meta name=\"twitter:site\" content=\"@cancerstratca\" \/>\n<meta name=\"twitter:label1\" content=\"Dur\u00e9e de lecture estim\u00e9e\" \/>\n\t<meta name=\"twitter:data1\" content=\"1 minute\" \/>\n<script type=\"application\/ld+json\" class=\"yoast-schema-graph\">{\"@context\":\"https:\\\/\\\/schema.org\",\"@graph\":[{\"@type\":\"WebPage\",\"@id\":\"https:\\\/\\\/www.partnershipagainstcancer.ca\\\/fr\\\/news-events\\\/news\\\/article\\\/le-forum-national-sur-les-soins-lies-au-cancer-pour-tous-les-canadiens\\\/\",\"url\":\"https:\\\/\\\/www.partnershipagainstcancer.ca\\\/fr\\\/news-events\\\/news\\\/article\\\/le-forum-national-sur-les-soins-lies-au-cancer-pour-tous-les-canadiens\\\/\",\"name\":\"Le Forum national sur les soins li\u00e9s au cancer pour tous les Canadiens - Canadian Partnership Against Cancer\",\"isPartOf\":{\"@id\":\"https:\\\/\\\/dev.partnershipagainstcancer.ca\\\/#website\"},\"datePublished\":\"2007-12-04T00:00:00+00:00\",\"dateModified\":\"2017-09-06T19:32:43+00:00\",\"breadcrumb\":{\"@id\":\"https:\\\/\\\/www.partnershipagainstcancer.ca\\\/fr\\\/news-events\\\/news\\\/article\\\/le-forum-national-sur-les-soins-lies-au-cancer-pour-tous-les-canadiens\\\/#breadcrumb\"},\"inLanguage\":\"fr-FR\",\"potentialAction\":[{\"@type\":\"ReadAction\",\"target\":[\"https:\\\/\\\/www.partnershipagainstcancer.ca\\\/fr\\\/news-events\\\/news\\\/article\\\/le-forum-national-sur-les-soins-lies-au-cancer-pour-tous-les-canadiens\\\/\"]}]},{\"@type\":\"BreadcrumbList\",\"@id\":\"https:\\\/\\\/www.partnershipagainstcancer.ca\\\/fr\\\/news-events\\\/news\\\/article\\\/le-forum-national-sur-les-soins-lies-au-cancer-pour-tous-les-canadiens\\\/#breadcrumb\",\"itemListElement\":[{\"@type\":\"ListItem\",\"position\":1,\"name\":\"News\",\"item\":\"https:\\\/\\\/www.partnershipagainstcancer.ca\\\/news-events\\\/news\\\/article\\\/\"},{\"@type\":\"ListItem\",\"position\":2,\"name\":\"Le Forum national sur les soins li\u00e9s au cancer pour tous les Canadiens\"}]},{\"@type\":\"WebSite\",\"@id\":\"https:\\\/\\\/dev.partnershipagainstcancer.ca\\\/#website\",\"url\":\"https:\\\/\\\/dev.partnershipagainstcancer.ca\\\/\",\"name\":\"Canadian Partnership Against Cancer\",\"description\":\"\",\"potentialAction\":[{\"@type\":\"SearchAction\",\"target\":{\"@type\":\"EntryPoint\",\"urlTemplate\":\"https:\\\/\\\/dev.partnershipagainstcancer.ca\\\/?s={search_term_string}\"},\"query-input\":{\"@type\":\"PropertyValueSpecification\",\"valueRequired\":true,\"valueName\":\"search_term_string\"}}],\"inLanguage\":\"fr-FR\"}]}<\/script>\n<!-- \/ Yoast SEO plugin. -->","yoast_head_json":{"title":"Canadian Partnership Against Cancer","robots":{"index":"index","follow":"follow","max-snippet":"max-snippet:-1","max-image-preview":"max-image-preview:large","max-video-preview":"max-video-preview:-1"},"canonical":"https:\/\/www.partnershipagainstcancer.ca\/fr\/news-events\/news\/article\/le-forum-national-sur-les-soins-lies-au-cancer-pour-tous-les-canadiens\/","og_locale":"fr_FR","og_type":"article","og_title":"Le Forum national sur les soins li\u00e9s au cancer pour tous les Canadiens - Canadian Partnership Against Cancer","og_description":"Le Forum national sur les soins\u00a0li\u00e9s au cancer\u00a0pour tous les Canadiens: Am\u00e9liorer l&rsquo;acc\u00e8s et r\u00e9duire au minimum les disparit\u00e9s chez les populations vuln\u00e9rables a eu lieu du 1er au 3 novembre 2007, \u00e0\u00a0 Vancouver (Colombie-Britannique). Le Forum a \u00e9t\u00e9 organis\u00e9 en r\u00e9action \u00e0\u00a0 l&rsquo;annonce faite r\u00e9cemment par le gouvernement \u00e0\u00a0 l&rsquo;effet que le Partenariat canadien [&hellip;]","og_url":"https:\/\/www.partnershipagainstcancer.ca\/fr\/news-events\/news\/article\/le-forum-national-sur-les-soins-lies-au-cancer-pour-tous-les-canadiens\/","og_site_name":"Canadian Partnership Against Cancer","article_publisher":"https:\/\/www.facebook.com\/CanadianPartnershipAgainstCancer\/","article_modified_time":"2017-09-06T19:32:43+00:00","twitter_card":"summary_large_image","twitter_site":"@cancerstratca","twitter_misc":{"Dur\u00e9e de lecture estim\u00e9e":"1 minute"},"schema":{"@context":"https:\/\/schema.org","@graph":[{"@type":"WebPage","@id":"https:\/\/www.partnershipagainstcancer.ca\/fr\/news-events\/news\/article\/le-forum-national-sur-les-soins-lies-au-cancer-pour-tous-les-canadiens\/","url":"https:\/\/www.partnershipagainstcancer.ca\/fr\/news-events\/news\/article\/le-forum-national-sur-les-soins-lies-au-cancer-pour-tous-les-canadiens\/","name":"Le Forum national sur les soins li\u00e9s au cancer pour tous les Canadiens - Canadian Partnership Against Cancer","isPartOf":{"@id":"https:\/\/dev.partnershipagainstcancer.ca\/#website"},"datePublished":"2007-12-04T00:00:00+00:00","dateModified":"2017-09-06T19:32:43+00:00","breadcrumb":{"@id":"https:\/\/www.partnershipagainstcancer.ca\/fr\/news-events\/news\/article\/le-forum-national-sur-les-soins-lies-au-cancer-pour-tous-les-canadiens\/#breadcrumb"},"inLanguage":"fr-FR","potentialAction":[{"@type":"ReadAction","target":["https:\/\/www.partnershipagainstcancer.ca\/fr\/news-events\/news\/article\/le-forum-national-sur-les-soins-lies-au-cancer-pour-tous-les-canadiens\/"]}]},{"@type":"BreadcrumbList","@id":"https:\/\/www.partnershipagainstcancer.ca\/fr\/news-events\/news\/article\/le-forum-national-sur-les-soins-lies-au-cancer-pour-tous-les-canadiens\/#breadcrumb","itemListElement":[{"@type":"ListItem","position":1,"name":"News","item":"https:\/\/www.partnershipagainstcancer.ca\/news-events\/news\/article\/"},{"@type":"ListItem","position":2,"name":"Le Forum national sur les soins li\u00e9s au cancer pour tous les Canadiens"}]},{"@type":"WebSite","@id":"https:\/\/dev.partnershipagainstcancer.ca\/#website","url":"https:\/\/dev.partnershipagainstcancer.ca\/","name":"Canadian Partnership Against Cancer","description":"","potentialAction":[{"@type":"SearchAction","target":{"@type":"EntryPoint","urlTemplate":"https:\/\/dev.partnershipagainstcancer.ca\/?s={search_term_string}"},"query-input":{"@type":"PropertyValueSpecification","valueRequired":true,"valueName":"search_term_string"}}],"inLanguage":"fr-FR"}]}},"_links":{"self":[{"href":"https:\/\/www.partnershipagainstcancer.ca\/fr\/wp-json\/wp\/v2\/news-events\/32942","targetHints":{"allow":["GET"]}}],"collection":[{"href":"https:\/\/www.partnershipagainstcancer.ca\/fr\/wp-json\/wp\/v2\/news-events"}],"about":[{"href":"https:\/\/www.partnershipagainstcancer.ca\/fr\/wp-json\/wp\/v2\/types\/news-events"}],"author":[{"embeddable":true,"href":"https:\/\/www.partnershipagainstcancer.ca\/fr\/wp-json\/wp\/v2\/users\/2"}],"wp:attachment":[{"href":"https:\/\/www.partnershipagainstcancer.ca\/fr\/wp-json\/wp\/v2\/media?parent=32942"}],"wp:term":[{"taxonomy":"news_events_categories","embeddable":true,"href":"https:\/\/www.partnershipagainstcancer.ca\/fr\/wp-json\/wp\/v2\/news_events_categories?post=32942"}],"curies":[{"name":"wp","href":"https:\/\/api.w.org\/{rel}","templated":true}]}}